


{"id":937,"date":"2012-10-04T22:29:54","date_gmt":"2012-10-04T20:29:54","guid":{"rendered":"http:\/\/multiblog.educacion.navarra.es\/agutierr\/?p=937"},"modified":"2012-10-04T22:49:43","modified_gmt":"2012-10-04T20:49:43","slug":"tipografia-anna","status":"publish","type":"post","link":"https:\/\/multiblog.educacion.navarra.es\/agutierr\/2012\/10\/04\/tipografia-anna\/","title":{"rendered":"&#8220;Tipograf\u00eda Anna&#8221;."},"content":{"rendered":"<p><a href=\"http:\/\/www.sport.es\/es\/noticias\/barca\/tipografia-anna-quiere-llegar-camiseta-del-barca-2212773\" target=\"_blank\">La &#8220;tipograf\u00eda Anna&#8221; quiere llegar a la camiseta del Bar\u00e7a<\/a> (sport.es).<\/p>\n<p><a href=\"http:\/\/www.sport.es\/es\/noticias\/barca\/tipografia-anna-quiere-llegar-camiseta-del-barca-2212773\" target=\"_blank\"><img loading=\"lazy\" class=\"aligncenter size-medium wp-image-938\" src=\"http:\/\/multiblog.educacion.navarra.es\/agutierr\/files\/2012\/10\/messi-300x187.jpg\" alt=\"\" width=\"300\" height=\"187\" srcset=\"https:\/\/multiblog.educacion.navarra.es\/agutierr\/files\/2012\/10\/messi-300x187.jpg 300w, https:\/\/multiblog.educacion.navarra.es\/agutierr\/files\/2012\/10\/messi.jpg 460w\" sizes=\"(max-width: 300px) 100vw, 300px\" \/><\/a><\/p>\n<p><a href=\"http:\/\/www.annavives.net\" target=\"_blank\">http:\/\/www.annavives.net<\/a><\/p>\n<p>D\u00eda del S\u00edndrome de Down: <a href=\"http:\/\/www.youtube.com\/watch?v=wafrRBVBzhs\" target=\"_blank\">Tipograf\u00eda Anna<\/a> en TVE (youtube).<\/p>\n","protected":false},"excerpt":{"rendered":"<p>La &#8220;tipograf\u00eda Anna&#8221; quiere llegar a la camiseta del Bar\u00e7a (sport.es). http:\/\/www.annavives.net D\u00eda del S\u00edndrome de Down: Tipograf\u00eda Anna en TVE (youtube).<\/p>\n","protected":false},"author":70,"featured_media":0,"comment_status":"open","ping_status":"open","sticky":false,"template":"","format":"standard","meta":[],"categories":[16730,368,13782,9,289,25],"tags":[30822,30824,30825,11714],"_links":{"self":[{"href":"https:\/\/multiblog.educacion.navarra.es\/agutierr\/wp-json\/wp\/v2\/posts\/937"}],"collection":[{"href":"https:\/\/multiblog.educacion.navarra.es\/agutierr\/wp-json\/wp\/v2\/posts"}],"about":[{"href":"https:\/\/multiblog.educacion.navarra.es\/agutierr\/wp-json\/wp\/v2\/types\/post"}],"author":[{"embeddable":true,"href":"https:\/\/multiblog.educacion.navarra.es\/agutierr\/wp-json\/wp\/v2\/users\/70"}],"replies":[{"embeddable":true,"href":"https:\/\/multiblog.educacion.navarra.es\/agutierr\/wp-json\/wp\/v2\/comments?post=937"}],"version-history":[{"count":0,"href":"https:\/\/multiblog.educacion.navarra.es\/agutierr\/wp-json\/wp\/v2\/posts\/937\/revisions"}],"wp:attachment":[{"href":"https:\/\/multiblog.educacion.navarra.es\/agutierr\/wp-json\/wp\/v2\/media?parent=937"}],"wp:term":[{"taxonomy":"category","embeddable":true,"href":"https:\/\/multiblog.educacion.navarra.es\/agutierr\/wp-json\/wp\/v2\/categories?post=937"},{"taxonomy":"post_tag","embeddable":true,"href":"https:\/\/multiblog.educacion.navarra.es\/agutierr\/wp-json\/wp\/v2\/tags?post=937"}],"curies":[{"name":"wp","href":"https:\/\/api.w.org\/{rel}","templated":true}]}}