


{"id":772,"date":"2012-05-20T11:57:27","date_gmt":"2012-05-20T09:57:27","guid":{"rendered":"http:\/\/multiblog.educacion.navarra.es\/agutierr\/?p=772"},"modified":"2012-05-20T11:58:40","modified_gmt":"2012-05-20T09:58:40","slug":"coraje-esfuerzo-y-sacrificio","status":"publish","type":"post","link":"https:\/\/multiblog.educacion.navarra.es\/agutierr\/2012\/05\/20\/coraje-esfuerzo-y-sacrificio\/","title":{"rendered":"Coraje, esfuerzo y sacrificio."},"content":{"rendered":"<p>Una <a href=\"http:\/\/www.diariovasco.com\/videos\/deportes\/mas-deportes\/1630330519001-mujer-paralitica-completa-maraton-londres-dias.html\" target=\"_blank\">mujer paral\u00edtica completa el marat\u00f3n de Londres <\/a>en 16 d\u00edas (diariovasco.com).<\/p>\n<p><img src=\"http:\/\/i.hoy.ec\/wp-content\/uploads\/2012\/05\/20120508152046.jpg\" alt=\"\" \/><\/p>\n<div class=\" fb_reset\"><\/div>\n","protected":false},"excerpt":{"rendered":"<p>Una mujer paral\u00edtica completa el marat\u00f3n de Londres en 16 d\u00edas (diariovasco.com).<\/p>\n","protected":false},"author":70,"featured_media":0,"comment_status":"open","ping_status":"open","sticky":false,"template":"","format":"standard","meta":[],"categories":[16730,368,192,9,25],"tags":[26651,26652,26649,19596,26654,26653,26650],"_links":{"self":[{"href":"https:\/\/multiblog.educacion.navarra.es\/agutierr\/wp-json\/wp\/v2\/posts\/772"}],"collection":[{"href":"https:\/\/multiblog.educacion.navarra.es\/agutierr\/wp-json\/wp\/v2\/posts"}],"about":[{"href":"https:\/\/multiblog.educacion.navarra.es\/agutierr\/wp-json\/wp\/v2\/types\/post"}],"author":[{"embeddable":true,"href":"https:\/\/multiblog.educacion.navarra.es\/agutierr\/wp-json\/wp\/v2\/users\/70"}],"replies":[{"embeddable":true,"href":"https:\/\/multiblog.educacion.navarra.es\/agutierr\/wp-json\/wp\/v2\/comments?post=772"}],"version-history":[{"count":0,"href":"https:\/\/multiblog.educacion.navarra.es\/agutierr\/wp-json\/wp\/v2\/posts\/772\/revisions"}],"wp:attachment":[{"href":"https:\/\/multiblog.educacion.navarra.es\/agutierr\/wp-json\/wp\/v2\/media?parent=772"}],"wp:term":[{"taxonomy":"category","embeddable":true,"href":"https:\/\/multiblog.educacion.navarra.es\/agutierr\/wp-json\/wp\/v2\/categories?post=772"},{"taxonomy":"post_tag","embeddable":true,"href":"https:\/\/multiblog.educacion.navarra.es\/agutierr\/wp-json\/wp\/v2\/tags?post=772"}],"curies":[{"name":"wp","href":"https:\/\/api.w.org\/{rel}","templated":true}]}}