


{"id":726,"date":"2013-03-11T15:00:19","date_gmt":"2013-03-11T14:00:19","guid":{"rendered":"http:\/\/multiblog.educacion.navarra.es\/agutierr\/?p=726"},"modified":"2013-03-10T21:55:04","modified_gmt":"2013-03-10T20:55:04","slug":"tabu-y-eufemismo","status":"publish","type":"post","link":"https:\/\/multiblog.educacion.navarra.es\/agutierr\/2013\/03\/11\/tabu-y-eufemismo\/","title":{"rendered":"Tab\u00fa y eufemismo."},"content":{"rendered":"<p><a href=\"http:\/\/www.ceipjuanherreraalcausa.es\/Recursosdidacticos\/SEXTO\/datos\/01_Lengua\/datos\/rdi\/U14\/01.htm\" target=\"_blank\">Tab\u00fa y eufemismo <\/a>(Anaya).<\/p>\n<p><a href=\"http:\/\/www.ceipjuanherreraalcausa.es\/Recursosdidacticos\/SEXTO\/Lengua\/U14\/1401_01.htm\" target=\"_blank\">Tab\u00fa y eufemismo II.<\/a><\/p>\n<p><a href=\"http:\/\/www.ceipjuanherreraalcausa.es\/Recursosdidacticos\/SEXTO\/Lengua\/U14\/1401_02.htm\" target=\"_blank\">Tab\u00fa y eufemismo III.<\/a><\/p>\n","protected":false},"excerpt":{"rendered":"<p>Tab\u00fa y eufemismo (Anaya). Tab\u00fa y eufemismo II. Tab\u00fa y eufemismo III.<\/p>\n","protected":false},"author":70,"featured_media":0,"comment_status":"open","ping_status":"open","sticky":false,"template":"","format":"standard","meta":[],"categories":[205],"tags":[24499,24497,24496,21526],"_links":{"self":[{"href":"https:\/\/multiblog.educacion.navarra.es\/agutierr\/wp-json\/wp\/v2\/posts\/726"}],"collection":[{"href":"https:\/\/multiblog.educacion.navarra.es\/agutierr\/wp-json\/wp\/v2\/posts"}],"about":[{"href":"https:\/\/multiblog.educacion.navarra.es\/agutierr\/wp-json\/wp\/v2\/types\/post"}],"author":[{"embeddable":true,"href":"https:\/\/multiblog.educacion.navarra.es\/agutierr\/wp-json\/wp\/v2\/users\/70"}],"replies":[{"embeddable":true,"href":"https:\/\/multiblog.educacion.navarra.es\/agutierr\/wp-json\/wp\/v2\/comments?post=726"}],"version-history":[{"count":0,"href":"https:\/\/multiblog.educacion.navarra.es\/agutierr\/wp-json\/wp\/v2\/posts\/726\/revisions"}],"wp:attachment":[{"href":"https:\/\/multiblog.educacion.navarra.es\/agutierr\/wp-json\/wp\/v2\/media?parent=726"}],"wp:term":[{"taxonomy":"category","embeddable":true,"href":"https:\/\/multiblog.educacion.navarra.es\/agutierr\/wp-json\/wp\/v2\/categories?post=726"},{"taxonomy":"post_tag","embeddable":true,"href":"https:\/\/multiblog.educacion.navarra.es\/agutierr\/wp-json\/wp\/v2\/tags?post=726"}],"curies":[{"name":"wp","href":"https:\/\/api.w.org\/{rel}","templated":true}]}}