


{"id":588,"date":"2011-11-16T14:31:02","date_gmt":"2011-11-16T12:31:02","guid":{"rendered":"http:\/\/multiblog.educacion.navarra.es\/agutierr\/?p=588"},"modified":"2011-11-16T14:33:51","modified_gmt":"2011-11-16T12:33:51","slug":"viii-carrera-kilometros-de-solidariad","status":"publish","type":"post","link":"https:\/\/multiblog.educacion.navarra.es\/agutierr\/2011\/11\/16\/viii-carrera-kilometros-de-solidariad\/","title":{"rendered":"VIII Carrera KIL\u00d3METROS DE SOLIDARIAD"},"content":{"rendered":"<p>VIII Carrera <a href=\"http:\/\/www.savethechildren.es\/carrera_2008.php\" target=\"_blank\"><span style=\"color: #ff0000\">KIL\u00d3METROS DE SOLIDARIDAD<\/span> <\/a>por los derechos de los ni\u00f1os y ni\u00f1as.<\/p>\n<p>Algunas im\u00e1genes de la edici\u00f3n anterior.<\/p>\n<p>KPICASA_GALLERY(savethechildren)<\/p>\n<p><!--more--><\/p>\n<iframe width=\"500\" height=\"281\" src=\"https:\/\/www.youtube.com\/embed\/iNUF8RW7-LA?feature=oembed\" frameborder=\"0\" allowfullscreen><\/iframe>\n","protected":false},"excerpt":{"rendered":"<p>VIII Carrera KIL\u00d3METROS DE SOLIDARIDAD por los derechos de los ni\u00f1os y ni\u00f1as. Algunas im\u00e1genes de la edici\u00f3n anterior. KPICASA_GALLERY(savethechildren)<\/p>\n","protected":false},"author":70,"featured_media":0,"comment_status":"open","ping_status":"open","sticky":false,"template":"","format":"standard","meta":[],"categories":[16730,368,192,25],"tags":[19534,19535],"_links":{"self":[{"href":"https:\/\/multiblog.educacion.navarra.es\/agutierr\/wp-json\/wp\/v2\/posts\/588"}],"collection":[{"href":"https:\/\/multiblog.educacion.navarra.es\/agutierr\/wp-json\/wp\/v2\/posts"}],"about":[{"href":"https:\/\/multiblog.educacion.navarra.es\/agutierr\/wp-json\/wp\/v2\/types\/post"}],"author":[{"embeddable":true,"href":"https:\/\/multiblog.educacion.navarra.es\/agutierr\/wp-json\/wp\/v2\/users\/70"}],"replies":[{"embeddable":true,"href":"https:\/\/multiblog.educacion.navarra.es\/agutierr\/wp-json\/wp\/v2\/comments?post=588"}],"version-history":[{"count":0,"href":"https:\/\/multiblog.educacion.navarra.es\/agutierr\/wp-json\/wp\/v2\/posts\/588\/revisions"}],"wp:attachment":[{"href":"https:\/\/multiblog.educacion.navarra.es\/agutierr\/wp-json\/wp\/v2\/media?parent=588"}],"wp:term":[{"taxonomy":"category","embeddable":true,"href":"https:\/\/multiblog.educacion.navarra.es\/agutierr\/wp-json\/wp\/v2\/categories?post=588"},{"taxonomy":"post_tag","embeddable":true,"href":"https:\/\/multiblog.educacion.navarra.es\/agutierr\/wp-json\/wp\/v2\/tags?post=588"}],"curies":[{"name":"wp","href":"https:\/\/api.w.org\/{rel}","templated":true}]}}