


{"id":566,"date":"2011-10-26T09:20:20","date_gmt":"2011-10-26T07:20:20","guid":{"rendered":"http:\/\/multiblog.educacion.navarra.es\/agutierr\/?p=566"},"modified":"2011-11-07T18:30:35","modified_gmt":"2011-11-07T16:30:35","slug":"momentos-de-infantil-en-el-curso-2010-2011","status":"publish","type":"post","link":"https:\/\/multiblog.educacion.navarra.es\/agutierr\/2011\/10\/26\/momentos-de-infantil-en-el-curso-2010-2011\/","title":{"rendered":"Momentos de infantil en el curso 2010-2011."},"content":{"rendered":"<p>Mirad a los pekes de infantil durante el curso pasado. \u00a1C\u00f3mo han crecido!<\/p>\n<p>La realizadora del v\u00eddeo ha sido Cristina, la hija de Azucena; y la fot\u00f3grafa, la propia Azucena.<!--more--><\/p>\n<p>Como youtube no deja subir v\u00eddeos de m\u00e1s de 15 minutos de duraci\u00f3n, ha habido que hacer 3 partes. Existen otros servidores que si lo permiten, como blip.tv pero el <a href=\"http:\/\/es.wikipedia.org\/wiki\/Proxy\" target=\"_blank\">proxy <\/a>del Gobierno de Navarra no permite su acceso.<\/p>\n<p>Ahora veo que si que nos dejan subir v\u00eddeos de m\u00e1s de 15 minutos. Es importante leer lo que aparece en pantalla.<\/p>\n<p><em>\u00a1Enhorabuena! Tu cuenta ya est\u00e1 activada para subir v\u00eddeos de m\u00e1s de 15 minutos de duraci\u00f3n. Haz clic en el bot\u00f3n Subir que hay a continuaci\u00f3n para seleccionar un v\u00eddeo.<\/em><\/p>\n<p>Existe tambi\u00e9n la posibilidad de descargarlo \u00edntegro desde <a href=\"http:\/\/www.dropbox.com\/\" target=\"_blank\">dropbox.com<\/a>. Click here to download.<\/p>\n<p>Parte 1\/3<\/p>\n<iframe width=\"500\" height=\"375\" src=\"https:\/\/www.youtube.com\/embed\/SgqrK1HptZE?feature=oembed\" frameborder=\"0\" allowfullscreen><\/iframe>\n<p>Parte 2\/3<!--more--><\/p>\n<iframe width=\"500\" height=\"375\" src=\"https:\/\/www.youtube.com\/embed\/_PzAEvXsA5o?feature=oembed\" frameborder=\"0\" allowfullscreen><\/iframe>\n<p>Parte 3\/3<\/p>\n<iframe width=\"500\" height=\"375\" src=\"https:\/\/www.youtube.com\/embed\/0ZBKBqO9v_c?feature=oembed\" frameborder=\"0\" allowfullscreen><\/iframe>\n","protected":false},"excerpt":{"rendered":"<p>Mirad a los pekes de infantil durante el curso pasado. \u00a1C\u00f3mo han crecido! La realizadora del v\u00eddeo ha sido Cristina, la hija de Azucena; y la fot\u00f3grafa, la propia Azucena.<\/p>\n","protected":false},"author":70,"featured_media":0,"comment_status":"open","ping_status":"open","sticky":false,"template":"","format":"standard","meta":[],"categories":[4409,13782,11708,14,25],"tags":[19626,139],"_links":{"self":[{"href":"https:\/\/multiblog.educacion.navarra.es\/agutierr\/wp-json\/wp\/v2\/posts\/566"}],"collection":[{"href":"https:\/\/multiblog.educacion.navarra.es\/agutierr\/wp-json\/wp\/v2\/posts"}],"about":[{"href":"https:\/\/multiblog.educacion.navarra.es\/agutierr\/wp-json\/wp\/v2\/types\/post"}],"author":[{"embeddable":true,"href":"https:\/\/multiblog.educacion.navarra.es\/agutierr\/wp-json\/wp\/v2\/users\/70"}],"replies":[{"embeddable":true,"href":"https:\/\/multiblog.educacion.navarra.es\/agutierr\/wp-json\/wp\/v2\/comments?post=566"}],"version-history":[{"count":0,"href":"https:\/\/multiblog.educacion.navarra.es\/agutierr\/wp-json\/wp\/v2\/posts\/566\/revisions"}],"wp:attachment":[{"href":"https:\/\/multiblog.educacion.navarra.es\/agutierr\/wp-json\/wp\/v2\/media?parent=566"}],"wp:term":[{"taxonomy":"category","embeddable":true,"href":"https:\/\/multiblog.educacion.navarra.es\/agutierr\/wp-json\/wp\/v2\/categories?post=566"},{"taxonomy":"post_tag","embeddable":true,"href":"https:\/\/multiblog.educacion.navarra.es\/agutierr\/wp-json\/wp\/v2\/tags?post=566"}],"curies":[{"name":"wp","href":"https:\/\/api.w.org\/{rel}","templated":true}]}}