


{"id":557,"date":"2011-10-11T20:55:33","date_gmt":"2011-10-11T18:55:33","guid":{"rendered":"http:\/\/multiblog.educacion.navarra.es\/agutierr\/?p=557"},"modified":"2011-10-11T20:58:09","modified_gmt":"2011-10-11T18:58:09","slug":"educacion-vial","status":"publish","type":"post","link":"https:\/\/multiblog.educacion.navarra.es\/agutierr\/2011\/10\/11\/educacion-vial\/","title":{"rendered":"Educaci\u00f3n vial."},"content":{"rendered":"<p>Como sab\u00e9is, este jueves 13 de octubre, vendr\u00e1 la Polic\u00eda Foral para ofrecernos unas nociones de educaci\u00f3n vial. No olvid\u00e9is el casco y nunca, he dicho nunca, dej\u00e9is de ceder el paso a la derecha.<\/p>\n<p>Mirad lo que le pasa a este ciclista en mitad de la sabana africana. M\u00e1s vale que no olvid\u00f3 el casco en casa.<\/p>\n<p>Im-pre-sio-nan-te.<\/p>\n<iframe width=\"500\" height=\"281\" src=\"https:\/\/www.youtube.com\/embed\/S2oymHHyV1M?feature=oembed\" frameborder=\"0\" allowfullscreen><\/iframe>\n","protected":false},"excerpt":{"rendered":"<p>Como sab\u00e9is, este jueves 13 de octubre, vendr\u00e1 la Polic\u00eda Foral para ofrecernos unas nociones de educaci\u00f3n vial. No olvid\u00e9is el casco y nunca, he dicho nunca, dej\u00e9is de ceder el paso a la derecha. Mirad lo que le pasa &hellip; <a href=\"https:\/\/multiblog.educacion.navarra.es\/agutierr\/2011\/10\/11\/educacion-vial\/\">Sigue leyendo <span class=\"meta-nav\">&rarr;<\/span><\/a><\/p>\n","protected":false},"author":70,"featured_media":0,"comment_status":"open","ping_status":"open","sticky":false,"template":"","format":"standard","meta":[],"categories":[368,192,25],"tags":[19618,19620,15291,19619],"_links":{"self":[{"href":"https:\/\/multiblog.educacion.navarra.es\/agutierr\/wp-json\/wp\/v2\/posts\/557"}],"collection":[{"href":"https:\/\/multiblog.educacion.navarra.es\/agutierr\/wp-json\/wp\/v2\/posts"}],"about":[{"href":"https:\/\/multiblog.educacion.navarra.es\/agutierr\/wp-json\/wp\/v2\/types\/post"}],"author":[{"embeddable":true,"href":"https:\/\/multiblog.educacion.navarra.es\/agutierr\/wp-json\/wp\/v2\/users\/70"}],"replies":[{"embeddable":true,"href":"https:\/\/multiblog.educacion.navarra.es\/agutierr\/wp-json\/wp\/v2\/comments?post=557"}],"version-history":[{"count":0,"href":"https:\/\/multiblog.educacion.navarra.es\/agutierr\/wp-json\/wp\/v2\/posts\/557\/revisions"}],"wp:attachment":[{"href":"https:\/\/multiblog.educacion.navarra.es\/agutierr\/wp-json\/wp\/v2\/media?parent=557"}],"wp:term":[{"taxonomy":"category","embeddable":true,"href":"https:\/\/multiblog.educacion.navarra.es\/agutierr\/wp-json\/wp\/v2\/categories?post=557"},{"taxonomy":"post_tag","embeddable":true,"href":"https:\/\/multiblog.educacion.navarra.es\/agutierr\/wp-json\/wp\/v2\/tags?post=557"}],"curies":[{"name":"wp","href":"https:\/\/api.w.org\/{rel}","templated":true}]}}