


{"id":457,"date":"2013-05-03T07:00:27","date_gmt":"2013-05-03T06:00:27","guid":{"rendered":"http:\/\/multiblog.educacion.navarra.es\/agutierr\/?p=457"},"modified":"2013-05-03T07:02:52","modified_gmt":"2013-05-03T06:02:52","slug":"clases-de-oraciones","status":"publish","type":"post","link":"https:\/\/multiblog.educacion.navarra.es\/agutierr\/2013\/05\/03\/clases-de-oraciones\/","title":{"rendered":"Clases de oraciones."},"content":{"rendered":"<p><a href=\"http:\/\/contenidos.proyectoagrega.es\/visualizador-1\/Visualizar\/Visualizar.do?idioma=es&amp;identificador=es-ar_2008121713_7960180&amp;secuencia=\" target=\"_blank\">Clases de oraciones <\/a>(proyecto agrega).<\/p>\n<p><a href=\"http:\/\/contenidos.proyectoagrega.es\/visualizador-1\/Visualizar\/Visualizar.do?idioma=es&amp;identificador=es-ar_2008121713_7960180&amp;secuencia=\" target=\"_blank\"><img loading=\"lazy\" alt=\"\" src=\"http:\/\/t2.gstatic.com\/images?q=tbn:ANd9GcSLHiz5sKml9m9i9B7pUWtoLdhanMvFBkLcoGGHLKHbjtZC7GsV\" width=\"262\" height=\"192\" \/><\/a><\/p>\n<p><a href=\"http:\/\/www.primaria.librosvivos.net\/Clases_de_oraciones.html\" target=\"_blank\">Clases de oraciones <\/a>(librosvivos.net-sm).<\/p>\n<p><a href=\"http:\/\/www.primaria.librosvivos.net\/La_voz_activa_y_la_voz_pasiva.html\" target=\"_blank\">La voz activa y la voz pasi<\/a>va (librosvivos.net)<\/p>\n<p><a href=\"http:\/\/educacion.practicopedia.com\/educacion-primaria-y-secundaria\/como-pasar-una-oracion-de-activa-a-pasiva-11378\" target=\"_blank\">C\u00f3mo pasar una oraci\u00f3n de activa a pasiva <\/a>(practicopedia.com-v\u00eddeo).<\/p>\n<p><a href=\"http:\/\/www.youtube.com\/watch?v=5Made_mN2fU\" target=\"_blank\">La oraci\u00f3n seg\u00fan la actitud del hablante <\/a>(youtube).<\/p>\n<p><a href=\"http:\/\/www.youtube.com\/watch?v=7M7cuzH0ICs\" target=\"_blank\">Oraciones seg\u00fan la intenci\u00f3n del hablante.<\/a><\/p>\n<p>Un resumen muy completo. Clic <a href=\"http:\/\/www.xtec.es\/~agonza35\/propios\/acthablante.pdf\" target=\"_blank\">here.<\/a><\/p>\n","protected":false},"excerpt":{"rendered":"<p>Clases de oraciones (proyecto agrega). Clases de oraciones (librosvivos.net-sm). La voz activa y la voz pasiva (librosvivos.net) C\u00f3mo pasar una oraci\u00f3n de activa a pasiva (practicopedia.com-v\u00eddeo). La oraci\u00f3n seg\u00fan la actitud del hablante (youtube). Oraciones seg\u00fan la intenci\u00f3n del hablante. &hellip; <a href=\"https:\/\/multiblog.educacion.navarra.es\/agutierr\/2013\/05\/03\/clases-de-oraciones\/\">Sigue leyendo <span class=\"meta-nav\">&rarr;<\/span><\/a><\/p>\n","protected":false},"author":70,"featured_media":0,"comment_status":"open","ping_status":"open","sticky":false,"template":"","format":"standard","meta":[],"categories":[205,320,25],"tags":[19531,224,19530,19532,19533],"_links":{"self":[{"href":"https:\/\/multiblog.educacion.navarra.es\/agutierr\/wp-json\/wp\/v2\/posts\/457"}],"collection":[{"href":"https:\/\/multiblog.educacion.navarra.es\/agutierr\/wp-json\/wp\/v2\/posts"}],"about":[{"href":"https:\/\/multiblog.educacion.navarra.es\/agutierr\/wp-json\/wp\/v2\/types\/post"}],"author":[{"embeddable":true,"href":"https:\/\/multiblog.educacion.navarra.es\/agutierr\/wp-json\/wp\/v2\/users\/70"}],"replies":[{"embeddable":true,"href":"https:\/\/multiblog.educacion.navarra.es\/agutierr\/wp-json\/wp\/v2\/comments?post=457"}],"version-history":[{"count":0,"href":"https:\/\/multiblog.educacion.navarra.es\/agutierr\/wp-json\/wp\/v2\/posts\/457\/revisions"}],"wp:attachment":[{"href":"https:\/\/multiblog.educacion.navarra.es\/agutierr\/wp-json\/wp\/v2\/media?parent=457"}],"wp:term":[{"taxonomy":"category","embeddable":true,"href":"https:\/\/multiblog.educacion.navarra.es\/agutierr\/wp-json\/wp\/v2\/categories?post=457"},{"taxonomy":"post_tag","embeddable":true,"href":"https:\/\/multiblog.educacion.navarra.es\/agutierr\/wp-json\/wp\/v2\/tags?post=457"}],"curies":[{"name":"wp","href":"https:\/\/api.w.org\/{rel}","templated":true}]}}