


{"id":445,"date":"2011-05-24T20:24:30","date_gmt":"2011-05-24T18:24:30","guid":{"rendered":"http:\/\/multiblog.educacion.navarra.es\/agutierr\/?p=445"},"modified":"2011-05-24T20:31:40","modified_gmt":"2011-05-24T18:31:40","slug":"%c2%bfpor-que-flotan-los-barcos","status":"publish","type":"post","link":"https:\/\/multiblog.educacion.navarra.es\/agutierr\/2011\/05\/24\/%c2%bfpor-que-flotan-los-barcos\/","title":{"rendered":"\u00bfPor qu\u00e9 flotan los barcos?"},"content":{"rendered":"<p>Otras explicaciones, pero no hay m\u00e1s que <a href=\"http:\/\/concurso.cnice.mec.es\/cnice2005\/93_iniciacion_interactiva_materia\/curso\/materiales\/propiedades\/densidad.htm\" target=\"_blank\">densidad<\/a> y principio de <a href=\"http:\/\/es.wikipedia.org\/wiki\/Arqu%C3%ADmedes\" target=\"_blank\">Arqu\u00edmedes<\/a>.<\/p>\n<p><a href=\"http:\/\/www.youtube.com\/watch?v=vCJxDxSWFpo\" target=\"_blank\">Beakman (youtube).<\/a><\/p>\n<p><a href=\"http:\/\/aldiaconlaciencia.blogspot.com\/2007\/11\/por-qu-los-barcos-flotan.html\" target=\"_blank\">Al d\u00eda con la ciencia.<\/a><\/p>\n<p><a href=\"http:\/\/los-porques.blogspot.com\/2010\/02\/por-que-flotan-los-barcos.html\" target=\"_blank\">Los porqu\u00e9s.<\/a><\/p>\n<p><img loading=\"lazy\" src=\"http:\/\/www.practicosalgeciras.es\/Images\/Album\/AxelMaersk\/web_Axel%20Maersk%20008.jpg\" alt=\"\" width=\"498\" height=\"249\" \/><\/p>\n","protected":false},"excerpt":{"rendered":"<p>Otras explicaciones, pero no hay m\u00e1s que densidad y principio de Arqu\u00edmedes. Beakman (youtube). Al d\u00eda con la ciencia. Los porqu\u00e9s.<\/p>\n","protected":false},"author":70,"featured_media":0,"comment_status":"open","ping_status":"open","sticky":false,"template":"","format":"standard","meta":[],"categories":[368,393,25],"tags":[19510,207,19509],"_links":{"self":[{"href":"https:\/\/multiblog.educacion.navarra.es\/agutierr\/wp-json\/wp\/v2\/posts\/445"}],"collection":[{"href":"https:\/\/multiblog.educacion.navarra.es\/agutierr\/wp-json\/wp\/v2\/posts"}],"about":[{"href":"https:\/\/multiblog.educacion.navarra.es\/agutierr\/wp-json\/wp\/v2\/types\/post"}],"author":[{"embeddable":true,"href":"https:\/\/multiblog.educacion.navarra.es\/agutierr\/wp-json\/wp\/v2\/users\/70"}],"replies":[{"embeddable":true,"href":"https:\/\/multiblog.educacion.navarra.es\/agutierr\/wp-json\/wp\/v2\/comments?post=445"}],"version-history":[{"count":0,"href":"https:\/\/multiblog.educacion.navarra.es\/agutierr\/wp-json\/wp\/v2\/posts\/445\/revisions"}],"wp:attachment":[{"href":"https:\/\/multiblog.educacion.navarra.es\/agutierr\/wp-json\/wp\/v2\/media?parent=445"}],"wp:term":[{"taxonomy":"category","embeddable":true,"href":"https:\/\/multiblog.educacion.navarra.es\/agutierr\/wp-json\/wp\/v2\/categories?post=445"},{"taxonomy":"post_tag","embeddable":true,"href":"https:\/\/multiblog.educacion.navarra.es\/agutierr\/wp-json\/wp\/v2\/tags?post=445"}],"curies":[{"name":"wp","href":"https:\/\/api.w.org\/{rel}","templated":true}]}}