


{"id":405,"date":"2014-04-28T07:00:05","date_gmt":"2014-04-28T06:00:05","guid":{"rendered":"http:\/\/multiblog.educacion.navarra.es\/agutierr\/?p=405"},"modified":"2014-06-07T09:58:26","modified_gmt":"2014-06-07T08:58:26","slug":"la-prehistoria","status":"publish","type":"post","link":"https:\/\/multiblog.educacion.navarra.es\/agutierr\/2014\/04\/28\/la-prehistoria\/","title":{"rendered":"La Prehistoria, Edad Antigua&#8230;"},"content":{"rendered":"<p><a href=\"http:\/\/www.e-vocacion.es\/resources\/biblioteca\/html\/252559\/recursos\/la\/U13\/pages\/recursos\/143175_P178.html\" target=\"_blank\">Las edades de la Historia <\/a>(Santillana). L\u00ednea de tiempo.<\/p>\n<p><a href=\"http:\/\/catedu.es\/chuegos\/historia\/historia.swf\" target=\"_blank\">Viajando a trav\u00e9s de la historia <\/a>(catedu.es).<\/p>\n<p><a href=\"http:\/\/www.youtube.com\/watch?v=taOrUGOUbFA\" target=\"_blank\">Nueva Historia de Espa\u00f1a<\/a> (1 de 20).<\/p>\n<p><a href=\"http:\/\/www.youtube.com\/watch?v=0aaFrCsccHI&amp;list=PL0C93261A17FCE4FF\" target=\"_blank\">La defensa de los vascones<\/a> (1 de 3).<\/p>\n<p><a href=\"http:\/\/www.educa.jcyl.es\/educacyl\/cm\/gallery\/Recursos%20Infinity\/aplicaciones\/maquina_tiempo\/popup.htm\" target=\"_blank\">La m\u00e1quina del tiemp<\/a>o (jcyl.es).<\/p>\n<p><a href=\"http:\/\/www.gobiernodecanarias.org\/medusa\/agrega\/visualizar\/es\/es-ic_2010050913_9135101\/false\" target=\"_blank\">La Prehistoria y la Edad Antigua en Espa\u00f1a <\/a>(Agrega Canarias).<\/p>\n<p><a href=\"http:\/\/www.cajondepupitre.es\/Documentos\/sm\/conts%201eso\/prehistoria\/ift.swf\" target=\"_blank\">La Prehistoria en el tiempo <\/a>(cajondepupitre.es).<\/p>\n<p><img loading=\"lazy\" src=\"http:\/\/arqueologia.blogia.com\/upload\/20070809151149-bisonte.jpg\" alt=\"\" width=\"468\" height=\"315\" \/><\/p>\n<p><a href=\"http:\/\/www.e-vocacion.es\/site\/fichero\/5494\/guia-digital-2-navarra\" target=\"_blank\">La Prehistoria. Unidad 13.<\/a>\u00a0 Quinto de Primaria. Libro digital Santillana.<\/p>\n<p><a href=\"http:\/\/www.educarchile.cl\/UserFiles\/P0001\/File\/objetos_digitales\/odeas_sociedad\/conociendo_prehistoria\/index.html\" target=\"_blank\">Conociendo la Prehistoria <\/a>(educarchile.cl).<\/p>\n<p><a href=\"http:\/\/www.slideshare.net\/blancasarr\/la-prehistoria-12639135?from=ss_embed\" target=\"_blank\">La Prehistoria <\/a>(slideshare.net).<\/p>\n<p><a href=\"http:\/\/www.youtube.com\/watch?v=-6oxmxPKoSE\" target=\"_blank\">Los secretos de Stonehenge <\/a>(youtube).<\/p>\n<p><a href=\"http:\/\/contenidos.proyectoagrega.es\/visualizador-1\/Visualizar\/Visualizar.do?idioma=es&amp;identificador=es_20071217_3_0103100&amp;secuencia=false\" target=\"_blank\">Cronolog\u00eda hist\u00f3rica <\/a>(alquimia).<\/p>\n<p><!--more--><\/p>\n<p><a href=\"http:\/\/contenidos.proyectoagrega.es\/visualizador-1\/Visualizar\/Visualizar.do?idioma=es&amp;identificador=es_20071217_3_0103200&amp;secuencia=false\" target=\"_blank\">De la Prehistoria a la \u00e9poca actual <\/a>(alquimia).<\/p>\n<p><a href=\"http:\/\/www.youtube.com\/watch?v=5tRXxWU8Lp0\" target=\"_blank\">El origen del hombre.<\/a> National Geographic (youtube).<\/p>\n<p><a href=\"http:\/\/www.youtube.com\/watch?v=faRlFsYmkeY\" target=\"_blank\">Homer evolution.<\/a><\/p>\n<p>\u00c9rase una vez el hombre. <a href=\"http:\/\/www.antena3.com\/videos\/series-infantiles\/erase-una-vez-el-hombre\/temporada-1\/capitulo-1.html\" target=\"_blank\">Cap\u00edtulo 1. Nace la Tierra<\/a>. antena3.com<\/p>\n<p><a href=\"http:\/\/www.antena3.com\/videos\/series-infantiles\/erase-una-vez-el-hombre\/temporada-1\/capitulo-2.html\" target=\"_blank\">Cap\u00edtulo 2. El hombre de Neanderthal.<\/a><\/p>\n<p><a href=\"http:\/\/www.antena3.com\/videos\/series-infantiles\/erase-una-vez-el-hombre\/temporada-1\/capitulo-3.html\" target=\"_blank\">Cap\u00edtulo 3. El hombre de Cromagnon.<\/a><\/p>\n<p>\u00c9rase una vez el hombre. <a href=\"http:\/\/www.youtube.com\/watch?v=wN3cnWpR-Zo\" target=\"_blank\">Nace la Tierra.<\/a><\/p>\n<p><a href=\"http:\/\/www.youtube.com\/watch?v=ay0E0EfBAiY\" target=\"_blank\">\u00c9rase una vez el hombre. El hombre de Neanderthal.<\/a><\/p>\n<p>\u00c9rase una vez el hombre. <a href=\"http:\/\/www.youtube.com\/watch?v=wxjSag091RY\" target=\"_blank\">El hombre de Cromagnon.<\/a><\/p>\n<p><a href=\"http:\/\/www.youtube.com\/watch?v=eBPeU-789Lw\" target=\"_blank\">\u00c9rase una vez\u00a0 el hombre. El Neol\u00edtico<\/a><\/p>\n<p>La Edad Antigua.<\/p>\n<iframe src=\"https:\/\/www.slideshare.net\/slideshow\/embed_code\/1052472\" width=\"480\" height=\"398\" frameborder=\"0\" marginwidth=\"0\" marginheight=\"0\" scrolling=\"no\"><\/iframe><br\/>\n<p>Los <a href=\"http:\/\/dpto6.educacion.navarra.es\/publicaciones\/pdf\/vascones.pdf\" target=\"_blank\">vascones<\/a> (pdf).<\/p>\n<p>\u00c9rase una vez el hombre. <a href=\"http:\/\/www.youtube.com\/watch?v=6508AV5AQF4\" target=\"_blank\">El siglo de Pericles.<\/a><\/p>\n<p>\u00c9rase una vez el hombre.<a href=\"http:\/\/www.youtube.com\/watch?v=RTb1O2cjWhg\" target=\"_blank\"> Roma.<\/a><\/p>\n<p><a href=\"http:\/\/www.youtube.com\/watch?v=8unLEPfJ4Gc\">La casa romana en 3D <\/a>(youtube).<\/p>\n<p><a href=\"http:\/\/www.educa.madrid.org\/web\/cp.alarcon.valdemoro\/Web\/ColePAA10\/MATERIAL-DCO\/RECURSOS%20SANTILLANA\/0%20SEGUNDO%20CICLO\/PROFESOR\/TERCERO\/site%20-%20PRF%20CONO%203\/www\/root\/data\/RECURSOS\/ESMVI00004397\/index.html\" target=\"_blank\">El paso del tiempo en una localidad<\/a> (Santillana).<\/p>\n<p><a href=\"http:\/\/youtu.be\/vrIEwjgfbYs\" target=\"_blank\">Rome Reborn 2.2<\/a>: paseo virtual por la antigua Roma.<\/p>\n<p><a href=\"http:\/\/multiblog.educacion.navarra.es\/agutierr\/files\/2013\/04\/TIEMPOSROMANOS.jpg\"><img loading=\"lazy\" class=\"aligncenter size-medium wp-image-1178\" src=\"http:\/\/multiblog.educacion.navarra.es\/agutierr\/files\/2013\/04\/TIEMPOSROMANOS-300x248.jpg\" alt=\"TIEMPOSROMANOS\" width=\"300\" height=\"248\" srcset=\"https:\/\/multiblog.educacion.navarra.es\/agutierr\/files\/2013\/04\/TIEMPOSROMANOS-300x248.jpg 300w, https:\/\/multiblog.educacion.navarra.es\/agutierr\/files\/2013\/04\/TIEMPOSROMANOS-1024x847.jpg 1024w, https:\/\/multiblog.educacion.navarra.es\/agutierr\/files\/2013\/04\/TIEMPOSROMANOS-800x662.jpg 800w\" sizes=\"(max-width: 300px) 100vw, 300px\" \/><\/a><\/p>\n<p><a href=\"http:\/\/www.e-vocacion.es\/site\/fichero\/5494\/guia-digital-2-navarra\" target=\"_blank\">La Edad Media.<\/a> Unidad 15 de 5\u00ba de Primaria. Libro digital Santillana.<\/p>\n<p><a href=\"https:\/\/repositorio.educa.jccm.es\/portal\/odes\/conocimiento_del_medio\/cuaderno_5pcon_laedadmedia\/\" target=\"_blank\">La Edad Media <\/a>(Cuadernia).<\/p>\n<iframe src=\"https:\/\/www.slideshare.net\/slideshow\/embed_code\/107704\" width=\"480\" height=\"398\" frameborder=\"0\" marginwidth=\"0\" marginheight=\"0\" scrolling=\"no\"><\/iframe><br\/>\n<p><a href=\"http:\/\/www.slideshare.net\/jotaelece\/la-edad-media-presentation-597315\" target=\"_blank\">Edad Media <\/a>(slideshare).<\/p>\n<p><a href=\"http:\/\/multiblog.educacion.navarra.es\/agutierr\/files\/2012\/05\/amedia.jpg\"><img loading=\"lazy\" class=\"aligncenter size-medium wp-image-778\" src=\"http:\/\/multiblog.educacion.navarra.es\/agutierr\/files\/2012\/05\/amedia-300x268.jpg\" alt=\"\" width=\"300\" height=\"268\" srcset=\"https:\/\/multiblog.educacion.navarra.es\/agutierr\/files\/2012\/05\/amedia-300x268.jpg 300w, https:\/\/multiblog.educacion.navarra.es\/agutierr\/files\/2012\/05\/amedia.jpg 691w\" sizes=\"(max-width: 300px) 100vw, 300px\" \/><\/a><\/p>\n<p><a href=\"http:\/\/www.juntadeandalucia.es\/averroes\/html\/adjuntos\/2007\/09\/13\/0030\/edadmedia\/presentacion.htm\" target=\"_blank\">Edad Media. Honor, fidelidad y justicia.<\/a><\/p>\n<p><a href=\"http:\/\/multiblog.educacion.navarra.es\/agutierr\/files\/2012\/05\/bmedia.jpg\"><img loading=\"lazy\" class=\"aligncenter size-medium wp-image-779\" src=\"http:\/\/multiblog.educacion.navarra.es\/agutierr\/files\/2012\/05\/bmedia-300x263.jpg\" alt=\"\" width=\"300\" height=\"263\" srcset=\"https:\/\/multiblog.educacion.navarra.es\/agutierr\/files\/2012\/05\/bmedia-300x263.jpg 300w, https:\/\/multiblog.educacion.navarra.es\/agutierr\/files\/2012\/05\/bmedia.jpg 689w\" sizes=\"(max-width: 300px) 100vw, 300px\" \/><\/a><\/p>\n<p><a href=\"http:\/\/contenidos.proyectoagrega.es\/visualizador-1\/Visualizar\/Visualizar.do?idioma=es&amp;identificador=es-an_2009043013_7960450&amp;secuencia=false#\" target=\"_blank\">La Edad Media en Espa\u00f1a<\/a> (agrega).<\/p>\n<p><a href=\"http:\/\/multiblog.educacion.navarra.es\/agutierr\/files\/2012\/05\/piramideem.png\"><img loading=\"lazy\" class=\"aligncenter size-medium wp-image-780\" src=\"http:\/\/multiblog.educacion.navarra.es\/agutierr\/files\/2012\/05\/piramideem-300x211.png\" alt=\"\" width=\"300\" height=\"211\" srcset=\"https:\/\/multiblog.educacion.navarra.es\/agutierr\/files\/2012\/05\/piramideem-300x211.png 300w, https:\/\/multiblog.educacion.navarra.es\/agutierr\/files\/2012\/05\/piramideem.png 555w\" sizes=\"(max-width: 300px) 100vw, 300px\" \/><\/a><\/p>\n<p><a href=\"http:\/\/www.educa.jcyl.es\/educacyl\/cm\/gallery\/Recursos%20Infinity\/aplicaciones\/cid\/popup.htm\" target=\"_blank\">El Cid Campeador <\/a>(jcyl).<\/p>\n<p><a href=\"https:\/\/www.youtube.com\/watch?v=X7Mo_VtCt80\" target=\"_blank\">History Channel. El Cid.<\/a><\/p>\n<p><a href=\"http:\/\/multiblog.educacion.navarra.es\/agutierr\/files\/2012\/05\/piramideEdad-Media.gif\"><img loading=\"lazy\" class=\"aligncenter size-medium wp-image-781\" src=\"http:\/\/multiblog.educacion.navarra.es\/agutierr\/files\/2012\/05\/piramideEdad-Media-277x300.gif\" alt=\"\" width=\"277\" height=\"300\" srcset=\"https:\/\/multiblog.educacion.navarra.es\/agutierr\/files\/2012\/05\/piramideEdad-Media-277x300.gif 277w, https:\/\/multiblog.educacion.navarra.es\/agutierr\/files\/2012\/05\/piramideEdad-Media.gif 370w\" sizes=\"(max-width: 277px) 100vw, 277px\" \/><\/a><\/p>\n<p><a href=\"http:\/\/www.youtube.com\/watch?v=GfO2Cfv4AOo\" target=\"_blank\">La Edad Media<\/a> (youtube).<\/p>\n<p><a href=\"https:\/\/www.youtube.com\/watch?v=SgfcTtqmiKI\" target=\"_blank\">Edad Media para ni\u00f1os<\/a> (youtube).<\/p>\n<p><a href=\"https:\/\/www.youtube.com\/watch?v=MpKfiXiPWqM\" target=\"_blank\">El emirato de C\u00f3rdoba.<\/a><\/p>\n<p><a href=\"https:\/\/www.youtube.com\/watch?v=ClRatwPHnYE\" target=\"_blank\">Reinos peninsulares en el siglo XV.<\/a><\/p>\n<p><a href=\"https:\/\/www.youtube.com\/watch?v=T2sBvU67WZI\" target=\"_blank\">La expansi\u00f3n aragonesa.<\/a><\/p>\n<p><a href=\"https:\/\/www.youtube.com\/watch?v=WNrt4H4D0FQ\" target=\"_blank\">La econom\u00eda de la Baja Edad Media.<\/a><\/p>\n<p><a href=\"https:\/\/www.youtube.com\/watch?v=7LcJumnlqgk\" target=\"_blank\">Los jud\u00edos en la Espa\u00f1a medieval.<\/a><\/p>\n<p><a href=\"https:\/\/www.youtube.com\/watch?v=7KW6VIjU-v8\" target=\"_blank\">Las campa\u00f1as de Almanzor.<\/a><\/p>\n<p><a href=\"https:\/\/www.youtube.com\/watch?v=EMkfTYw2cWI\" target=\"_blank\">El imperio Almor\u00e1vide.<\/a><\/p>\n<p><a href=\"https:\/\/www.youtube.com\/watch?v=WULZKzM4SGM\" target=\"_blank\">El imperio almohade.<\/a><\/p>\n<p><a href=\"https:\/\/www.youtube.com\/watch?v=A7X-uc_VmaY\">El Islam para ni\u00f1os.<\/a><\/p>\n<p><a href=\"https:\/\/www.youtube.com\/watch?v=cWhyJj1AkUU\" target=\"_blank\">Origen del Islam y su expansi\u00f3n hasta al-Andalus.<\/a><\/p>\n<p><a href=\"https:\/\/www.youtube.com\/watch?v=jmlMIsRjw-8\">La Alhambra de Granada.<\/a><\/p>\n<p><a href=\"http:\/\/www.youtube.com\/watch?v=o_9ue-U0raI\" target=\"_blank\">La evoluci\u00f3n del reino de Navarra <\/a>(youtube-error).<\/p>\n<p><a href=\"https:\/\/www.youtube.com\/watch?v=biASNVw-jGA\" target=\"_blank\">Escudo de Navarra: origen y significado.<\/a><\/p>\n<p><a href=\"http:\/\/www.youtube.com\/watch?v=qTPd7RwNSNg\" target=\"_blank\">Los reyes m\u00e1s importantes de Navarra.<\/a><\/p>\n<p><a href=\"http:\/\/www.youtube.com\/watch?v=rDttu7MqHr8\" target=\"_blank\">Los Reyes Cat\u00f3licos Isabel y Fernando <\/a>parte 1(youtube).<\/p>\n<p><a href=\"http:\/\/contenidos.proyectoagrega.es\/visualizador-1\/Visualizar\/Visualizar.do?idioma=es&amp;identificador=es-an_2009043013_7960460&amp;secuencia=false\" target=\"_blank\">La Edad Moderna en Espa\u00f1a <\/a>(agrega).<\/p>\n<p><a href=\"http:\/\/213.0.8.18\/portal\/Educantabria\/ContenidosEducativosDigitales\/Primaria\/Cono_3_ciclo\/CONTENIDOS\/HISTORIA\/DEFINITIVO%20EDAD%20MODERNA\/INDEX.HTML\" target=\"_blank\">La Edad Moderna <\/a>(educantabria).<\/p>\n<p>La Edad Moderna.<\/p>\n<iframe src=\"https:\/\/www.slideshare.net\/slideshow\/embed_code\/1013585\" width=\"480\" height=\"398\" frameborder=\"0\" marginwidth=\"0\" marginheight=\"0\" scrolling=\"no\"><\/iframe><br\/>\n<p>La Edad Moderna en Espa\u00f1a.<\/p>\n<iframe src=\"https:\/\/www.slideshare.net\/slideshow\/embed_code\/350723\" width=\"480\" height=\"398\" frameborder=\"0\" marginwidth=\"0\" marginheight=\"0\" scrolling=\"no\"><\/iframe><br\/>\n<p><a href=\"http:\/\/www.juntadeandalucia.es\/averroes\/html\/adjuntos\/2007\/09\/13\/0030\/descubrimientos\/entrada\/entrada.htm\" target=\"_blank\">La \u00e9poca de los descubrimientos. El Renacimiento <\/a>(averroes).<\/p>\n<p>\u00c9rase una vez el hombre. <a href=\"http:\/\/www.youtube.com\/watch?v=wofU0myqveI\" target=\"_blank\">Renacimiento.<\/a><\/p>\n<p><a href=\"http:\/\/contenidos.proyectoagrega.es\/visualizador-1\/Visualizar\/Visualizar.do?idioma=es&amp;identificador=es-an_2009043013_7960470&amp;secuencia=false\" target=\"_blank\">La edad Contempor\u00e1nea en Espa\u00f1a <\/a>(agrega).<\/p>\n<p>100 a\u00f1os de historia en 10 minutos. 1911-2011.<\/p>\n<iframe width=\"500\" height=\"281\" src=\"https:\/\/www.youtube.com\/embed\/Xxh-sS8Qoco?feature=oembed\" frameborder=\"0\" allowfullscreen><\/iframe>\n<p>V\u00eddeos de <a href=\"http:\/\/www.artehistoria.jcyl.es\/\" target=\"_blank\">arteHistoria <\/a>en youtube:<\/p>\n<p><a href=\"http:\/\/www.youtube.com\/watch?v=YxgHC2xV-o4\" target=\"_blank\">Historia de Espa\u00f1a 1: Prehistoria y Culturas antiguas.<\/a><\/p>\n<p><a href=\"http:\/\/www.youtube.com\/watch?v=7fNzVJ2gR0o\" target=\"_blank\">Historia de Espa\u00f1a 2: Hispania Romana.<\/a><\/p>\n<p><a href=\"http:\/\/www.youtube.com\/watch?v=Ns9c58qZ2Cc\" target=\"_blank\">Historia de Espa\u00f1a 3: Visigodos y musulmanes.<\/a><\/p>\n<p><a href=\"https:\/\/www.youtube.com\/watch?v=jQXI4uEG8Sw\" target=\"_blank\">Historia de Espa\u00f1a 4: La Espa\u00f1a de la Reconquista.<\/a><\/p>\n<p><a href=\"http:\/\/www.youtube.com\/watch?v=MHFgne9Zvac\" target=\"_blank\">Historia de Espa\u00f1a 5: Expansi\u00f3n de Castilla y Arag\u00f3n.<\/a><\/p>\n<p><a href=\"http:\/\/www.youtube.com\/watch?v=rwgV4k6iZMU\" target=\"_blank\">Historia de Espa\u00f1a 6: Los Austrias Mayores.<\/a><\/p>\n<p><a href=\"http:\/\/www.youtube.com\/watch?v=_yHnapH819o\" target=\"_blank\">El Imperio espa\u00f1ol.<\/a><\/p>\n<p><a href=\"http:\/\/www.youtube.com\/watch?v=9VQFRC-2U3M\" target=\"_blank\">El descubrimiento de Am\u00e9rica<\/a>.<\/p>\n<p><a href=\"http:\/\/www.youtube.com\/watch?v=1BVu61eqWI8\" target=\"_blank\">Col\u00f3n y el Nuevo Mundo.<\/a><\/p>\n<p><a href=\"http:\/\/www.youtube.com\/watch?v=yGJhqz7LcBk\" target=\"_blank\">Grandes Batallas: Las cruzadas.<\/a><\/p>\n<p>Grandes Batallas: <a href=\"http:\/\/www.youtube.com\/watch?v=NhnB8RbYmkw\" target=\"_blank\">La Reconquista espa\u00f1ola.<\/a><\/p>\n<p><a href=\"http:\/\/www.youtube.com\/watch?v=ci2jTnI2qqk\" target=\"_blank\">Reconquista espa\u00f1ola.<\/a><\/p>\n<p>Grandes Batallas 5: <a href=\"http:\/\/www.youtube.com\/watch?v=JGpZVjV1dfw\" target=\"_blank\">La Guerra de los Cien A\u00f1os.<\/a><\/p>\n<p><a href=\"http:\/\/http:\/\/www.youtube.com\/watch?v=4cbQjxMNxYA\" target=\"_blank\">Historia del mundo en 3 minutos.<\/a><\/p>\n<p><a href=\"http:\/\/vimeo.com\/16598882\" target=\"_blank\">Historia del mundo en 7 minutos <\/a>(Blogotero en Vimeo).<\/p>\n<p><a href=\"http:\/\/www.antena3.com\/videos\/series-infantiles\/erase-una-vez-el-hombre.html\" target=\"_blank\">\u00c9rase una vez el hombre<\/a>. antena3.com<\/p>\n","protected":false},"excerpt":{"rendered":"<p>Las edades de la Historia (Santillana). L\u00ednea de tiempo. Viajando a trav\u00e9s de la historia (catedu.es). Nueva Historia de Espa\u00f1a (1 de 20). La defensa de los vascones (1 de 3). La m\u00e1quina del tiempo (jcyl.es). La Prehistoria y la &hellip; <a href=\"https:\/\/multiblog.educacion.navarra.es\/agutierr\/2014\/04\/28\/la-prehistoria\/\">Sigue leyendo <span class=\"meta-nav\">&rarr;<\/span><\/a><\/p>\n","protected":false},"author":70,"featured_media":0,"comment_status":"open","ping_status":"open","sticky":false,"template":"","format":"standard","meta":[],"categories":[368,25],"tags":[38642,19506,26665,38643,36905,13899,13902,26666,19508,405,38637,13901,13900,13898,19507,168,30989],"_links":{"self":[{"href":"https:\/\/multiblog.educacion.navarra.es\/agutierr\/wp-json\/wp\/v2\/posts\/405"}],"collection":[{"href":"https:\/\/multiblog.educacion.navarra.es\/agutierr\/wp-json\/wp\/v2\/posts"}],"about":[{"href":"https:\/\/multiblog.educacion.navarra.es\/agutierr\/wp-json\/wp\/v2\/types\/post"}],"author":[{"embeddable":true,"href":"https:\/\/multiblog.educacion.navarra.es\/agutierr\/wp-json\/wp\/v2\/users\/70"}],"replies":[{"embeddable":true,"href":"https:\/\/multiblog.educacion.navarra.es\/agutierr\/wp-json\/wp\/v2\/comments?post=405"}],"version-history":[{"count":0,"href":"https:\/\/multiblog.educacion.navarra.es\/agutierr\/wp-json\/wp\/v2\/posts\/405\/revisions"}],"wp:attachment":[{"href":"https:\/\/multiblog.educacion.navarra.es\/agutierr\/wp-json\/wp\/v2\/media?parent=405"}],"wp:term":[{"taxonomy":"category","embeddable":true,"href":"https:\/\/multiblog.educacion.navarra.es\/agutierr\/wp-json\/wp\/v2\/categories?post=405"},{"taxonomy":"post_tag","embeddable":true,"href":"https:\/\/multiblog.educacion.navarra.es\/agutierr\/wp-json\/wp\/v2\/tags?post=405"}],"curies":[{"name":"wp","href":"https:\/\/api.w.org\/{rel}","templated":true}]}}