


{"id":390,"date":"2013-04-29T12:00:09","date_gmt":"2013-04-29T11:00:09","guid":{"rendered":"http:\/\/multiblog.educacion.navarra.es\/agutierr\/?p=390"},"modified":"2013-04-30T07:00:27","modified_gmt":"2013-04-30T06:00:27","slug":"los-versos-y-su-medida","status":"publish","type":"post","link":"https:\/\/multiblog.educacion.navarra.es\/agutierr\/2013\/04\/29\/los-versos-y-su-medida\/","title":{"rendered":"Los versos y su medida."},"content":{"rendered":"<p>\u00a1Campo de Baeza,<\/p>\n<p>so\u00f1ar\u00e9 contigo<\/p>\n<p>cuando no te vea!<\/p>\n<p><img loading=\"lazy\" alt=\"\" src=\"http:\/\/1.bp.blogspot.com\/_fDauylRSRIo\/SkKjLFzgWfI\/AAAAAAAADVI\/DAm_W3KKmO8\/s400\/Antonio-Machado-Baeza_20377.jpg\" width=\"400\" height=\"279\" \/><\/p>\n<p><a href=\"http:\/\/www.e-vocacion.es\/files\/html\/189644\/recursos\/U13\/index.html\" target=\"_blank\">Esquema de los tipos de estrofa<\/a>s (e-vocacion.es)<\/p>\n<p><a href=\"http:\/\/www.educa.jcyl.es\/educacyl\/cm\/gallery\/recursos_educativa\/metrica\/oa2.html\" target=\"_blank\">Los versos: introducci\u00f3n <\/a>(Junta de Castilla y Le\u00f3n).<\/p>\n<p><a href=\"http:\/\/www.cronopista.com\/index.php\" target=\"_blank\">M&amp;E Diccionario de rimas.<\/a><\/p>\n<p><a href=\"http:\/\/contenidos.proyectoagrega.es\/visualizador-1\/Visualizar\/Visualizar.do?idioma=es&amp;identificador=es_2007073113_0251903&amp;secuencia=false\" target=\"_blank\">Poes\u00eda y TIC.<\/a><\/p>\n<p><a href=\"http:\/\/contenidos.proyectoagrega.es\/visualizador-1\/Visualizar\/Visualizar.do?idioma=es&amp;identificador=es_2009063013_7250170&amp;secuencia=false\" target=\"_blank\">Juegos po\u00e9ticos.<\/a><\/p>\n<p><a href=\"http:\/\/contenidos.proyectoagrega.es\/visualizador-1\/Visualizar\/Visualizar.do?idioma=es&amp;identificador=es_2008112813_0251200&amp;secuencia=false#\" target=\"_blank\">Jugar con palabras I.<\/a> Reconocimiento de figuras literarias.<\/p>\n<p><!--more--><\/p>\n<p><span style=\"text-decoration: underline\">Rosal\u00eda de Castro.<\/span><\/p>\n<p><span style=\"text-decoration: underline\">Gloria Fuertes.<\/span><\/p>\n<p><a href=\"http:\/\/www.ceip-nsangeles.com\/nt\/wq_gloria\/gloria.html\" target=\"_blank\">Webquest Gloria Fuertes <\/a>(CEIP Ntra. Sra. de los \u00c1ngeles).<\/p>\n<p><span style=\"text-decoration: underline\">Antonio Machado<\/span>.<\/p>\n<p>Joan Manuel Serrat.<\/p>\n<p><span style=\"text-decoration: underline\">Miguel Hern\u00e1ndez.<\/span><\/p>\n<p>Jarcha.<\/p>\n<p><span style=\"text-decoration: underline\">Gustavo Adolfo B\u00e9cquer.<\/span><\/p>\n<p>Siempre as\u00ed.<\/p>\n<p><span style=\"text-decoration: underline\">Pablo Neruda.<\/span><\/p>\n<p><a href=\"http:\/\/es.wikipedia.org\/wiki\/Walt_Whitman\" target=\"_blank\">Walt Whitman.<\/a><\/p>\n<p><a href=\"http:\/\/sandra.delendis.com\/2010\/01\/yo-y-mi-llama\/\" target=\"_blank\">Yo y mi llama.<\/a><\/p>\n<p><a href=\"http:\/\/www.youtube.com\/watch?v=x4TKXa9ce9Y\" target=\"_blank\">Ja\u00e9n: para\u00edso interior<\/a>.<br \/>\n<a href=\"http:\/\/www.blogfesor.org\/directorio\" target=\"_parent\"><img loading=\"lazy\" alt=\"\" src=\"http:\/\/academic.uprm.edu\/~marion\/blogfesor\/images\/soyunblogfesor.png\" width=\"88\" height=\"31\" border=\"0\" \/><\/a><\/p>\n<p><a href=\"http:\/\/internetaula.ning.com\">Visit <em>Internet en el Aula<\/em><\/a><\/p>\n","protected":false},"excerpt":{"rendered":"<p>\u00a1Campo de Baeza, so\u00f1ar\u00e9 contigo cuando no te vea! Esquema de los tipos de estrofas (e-vocacion.es) Los versos: introducci\u00f3n (Junta de Castilla y Le\u00f3n). M&amp;E Diccionario de rimas. Poes\u00eda y TIC. Juegos po\u00e9ticos. Jugar con palabras I. Reconocimiento de figuras &hellip; <a href=\"https:\/\/multiblog.educacion.navarra.es\/agutierr\/2013\/04\/29\/los-versos-y-su-medida\/\">Sigue leyendo <span class=\"meta-nav\">&rarr;<\/span><\/a><\/p>\n","protected":false},"author":70,"featured_media":0,"comment_status":"open","ping_status":"open","sticky":false,"template":"","format":"standard","meta":[],"categories":[205],"tags":[31003,13881,13883,166,13882],"_links":{"self":[{"href":"https:\/\/multiblog.educacion.navarra.es\/agutierr\/wp-json\/wp\/v2\/posts\/390"}],"collection":[{"href":"https:\/\/multiblog.educacion.navarra.es\/agutierr\/wp-json\/wp\/v2\/posts"}],"about":[{"href":"https:\/\/multiblog.educacion.navarra.es\/agutierr\/wp-json\/wp\/v2\/types\/post"}],"author":[{"embeddable":true,"href":"https:\/\/multiblog.educacion.navarra.es\/agutierr\/wp-json\/wp\/v2\/users\/70"}],"replies":[{"embeddable":true,"href":"https:\/\/multiblog.educacion.navarra.es\/agutierr\/wp-json\/wp\/v2\/comments?post=390"}],"version-history":[{"count":0,"href":"https:\/\/multiblog.educacion.navarra.es\/agutierr\/wp-json\/wp\/v2\/posts\/390\/revisions"}],"wp:attachment":[{"href":"https:\/\/multiblog.educacion.navarra.es\/agutierr\/wp-json\/wp\/v2\/media?parent=390"}],"wp:term":[{"taxonomy":"category","embeddable":true,"href":"https:\/\/multiblog.educacion.navarra.es\/agutierr\/wp-json\/wp\/v2\/categories?post=390"},{"taxonomy":"post_tag","embeddable":true,"href":"https:\/\/multiblog.educacion.navarra.es\/agutierr\/wp-json\/wp\/v2\/tags?post=390"}],"curies":[{"name":"wp","href":"https:\/\/api.w.org\/{rel}","templated":true}]}}