


{"id":379,"date":"2015-03-11T09:34:10","date_gmt":"2015-03-11T08:34:10","guid":{"rendered":"http:\/\/multiblog.educacion.navarra.es\/agutierr\/?p=379"},"modified":"2015-03-20T06:23:40","modified_gmt":"2015-03-20T05:23:40","slug":"el-clima-de-espana-y-navarra","status":"publish","type":"post","link":"https:\/\/multiblog.educacion.navarra.es\/agutierr\/2015\/03\/11\/el-clima-de-espana-y-navarra\/","title":{"rendered":"El clima de Espa\u00f1a y Navarra."},"content":{"rendered":"<p><a href=\"http:\/\/www.juntadeandalucia.es\/averroes\/carambolo\/WEB%20JCLIC2\/Agrega\/Medio\/Meteorologia\/Variables%20meteorologicas\/contenido\/index.html\" target=\"_blank\">Variables meteorol\u00f3gicas <\/a>(agrega Andaluc\u00eda).<\/p>\n<p><img loading=\"lazy\" src=\"http:\/\/ticapardo.files.wordpress.com\/2008\/10\/agrega.jpg\" alt=\"\" width=\"216\" height=\"75\" \/><\/p>\n<p><a href=\"http:\/\/multiblog.educacion.navarra.es\/agutierr\/files\/2012\/02\/climascmap.jpg\"><img loading=\"lazy\" class=\"aligncenter size-medium wp-image-686\" src=\"http:\/\/multiblog.educacion.navarra.es\/agutierr\/files\/2012\/02\/climascmap-300x224.jpg\" alt=\"\" width=\"300\" height=\"224\" srcset=\"https:\/\/multiblog.educacion.navarra.es\/agutierr\/files\/2012\/02\/climascmap-300x224.jpg 300w, https:\/\/multiblog.educacion.navarra.es\/agutierr\/files\/2012\/02\/climascmap.jpg 570w\" sizes=\"(max-width: 300px) 100vw, 300px\" \/><\/a><\/p>\n<p><a href=\"https:\/\/repositorio.educa.jccm.es\/portal\/odes\/conocimiento_del_medio\/climas_espana\/\" target=\"_blank\">Climas de Espa\u00f1a (Cudadernia).<\/a><\/p>\n<p><!--more--><\/p>\n<p><a href=\"https:\/\/repositorio.educa.jccm.es\/portal\/odes\/conocimiento_del_medio\/estudio_del_tiempo\/\" target=\"_blank\">El estudio del tiempo atmosf\u00e9rico <\/a>(Cuadernia).<\/p>\n<p><a href=\"http:\/\/contenidos.santillanaenred.com\/jukebox\/servlet\/GetPlayer?p3v=true&amp;xref=200601191043_AC_0_1944653085&amp;mode=1&amp;rtc=1001&amp;locale=es_ES&amp;cache=false\" target=\"_blank\">\u00bfQu\u00e9 sabes del clima?<\/a> Santillana en red.<\/p>\n<p><a href=\"http:\/\/contenidos.santillanaenred.com\/jukebox\/servlet\/GetPlayer?p3v=true&amp;xref=200601201217_PRE_0_799166187&amp;mode=1&amp;rtc=1001&amp;locale=es_ES&amp;cache=false\" target=\"_blank\">Climas y paisajes de Espa\u00f1a <\/a>(Santillana en red).<\/p>\n<p><a href=\"http:\/\/contenidos.santillanaenred.com\/jukebox\/servlet\/GetPlayer?p3v=true&amp;xref=200601191049_AC_0_1392143450&amp;mode=1&amp;rtc=1001&amp;locale=es_ES&amp;cache=false\" target=\"_blank\">Clases de climas en Espa\u00f1a <\/a>(Santilla en red).<\/p>\n<p><a href=\"http:\/\/ntic.educacion.es\/w3\/\/recursos\/secundaria\/sociales\/geografia\/climas.html\" target=\"_blank\">Climas de la Pen\u00ednsula.<\/a><\/p>\n<p><a href=\"https:\/\/docs.google.com\/open?id=0B5AfDhbvomunNjFfLXhzOF9TQTJIX1hROEZmUXBpZw\" target=\"_blank\">Climas de Espa\u00f1a <\/a>(Google Docs).<\/p>\n<p><a href=\"http:\/\/multiblog.educacion.navarra.es\/agutierr\/files\/2012\/02\/clima-y-vegetacion-de-espana.pdf\">Climas y vegetaci\u00f3n de Espa\u00f1a.<\/a><\/p>\n<p><a href=\"http:\/\/multiblog.educacion.navarra.es\/agutierr\/files\/2012\/02\/tabla2climas.jpg\"><img loading=\"lazy\" class=\"aligncenter size-medium wp-image-687\" src=\"http:\/\/multiblog.educacion.navarra.es\/agutierr\/files\/2012\/02\/tabla2climas-300x161.jpg\" alt=\"\" width=\"300\" height=\"161\" srcset=\"https:\/\/multiblog.educacion.navarra.es\/agutierr\/files\/2012\/02\/tabla2climas-300x161.jpg 300w, https:\/\/multiblog.educacion.navarra.es\/agutierr\/files\/2012\/02\/tabla2climas.jpg 700w\" sizes=\"(max-width: 300px) 100vw, 300px\" \/><\/a><\/p>\n<p><a href=\"https:\/\/docs.google.com\/open?id=0B5AfDhbvomunc0NxcWE1LXlSRGlTT0xrRDRTZy1SQQ\" target=\"_blank\">Climas de Navarra <\/a>(Google Docs).<\/p>\n<p>Tiempo y clima (Daniel G\u00f3mez Valle).<\/p>\n<iframe src=\"https:\/\/www.slideshare.net\/slideshow\/embed_code\/411857\" width=\"480\" height=\"398\" frameborder=\"0\" marginwidth=\"0\" marginheight=\"0\" scrolling=\"no\"><\/iframe><br\/>\n<p>Climas de Espa\u00f1a y climogramas.<\/p>\n<iframe src=\"https:\/\/www.slideshare.net\/slideshow\/embed_code\/977488\" width=\"480\" height=\"398\" frameborder=\"0\" marginwidth=\"0\" marginheight=\"0\" scrolling=\"no\"><\/iframe><br\/>\n<p>Climas de Espa\u00f1a y su vegetaci\u00f3n.<\/p>\n<iframe src=\"https:\/\/www.slideshare.net\/slideshow\/embed_code\/3438280\" width=\"480\" height=\"398\" frameborder=\"0\" marginwidth=\"0\" marginheight=\"0\" scrolling=\"no\"><\/iframe><br\/>\n<p>Climas del mundo (Ainhoa Marcos).<\/p>\n<iframe src=\"https:\/\/www.slideshare.net\/slideshow\/embed_code\/178678\" width=\"480\" height=\"398\" frameborder=\"0\" marginwidth=\"0\" marginheight=\"0\" scrolling=\"no\"><\/iframe><br\/>\n<p>Climas de Navarra (Herodes).<\/p>\n<iframe src=\"https:\/\/www.slideshare.net\/slideshow\/embed_code\/5653113\" width=\"480\" height=\"398\" frameborder=\"0\" marginwidth=\"0\" marginheight=\"0\" scrolling=\"no\"><\/iframe><br\/>\n<p><a href=\"https:\/\/www.youtube.com\/watch?v=uUWQLazKy5c\" target=\"_blank\">El clima de la Tierra <\/a>(youtube).<\/p>\n<p><a href=\"https:\/\/www.youtube.com\/watch?v=RgQEI6OyHI4\" target=\"_blank\">\u00bfPor qu\u00e9 hay estaciones?<\/a><\/p>\n<p><a href=\"https:\/\/www.youtube.com\/watch?v=Tm45w-80otc\" target=\"_blank\">\u00bfPor qu\u00e9 llueve?<\/a><\/p>\n<p><a href=\"https:\/\/www.youtube.com\/watch?v=GZOVk8n1ZWA\" target=\"_blank\">\u00bfPor qu\u00e9 llueve?<\/a><\/p>\n<p><a href=\"http:\/\/www.youtube.com\/watch?v=fWeE4kmobto\" target=\"_blank\">El movimiento de traslaci\u00f3n de la Tierra.<\/a><\/p>\n<p><a href=\"http:\/\/www.aemet.es\/es\/eltiempo\/observacion\/satelite\/global\" target=\"_blank\">Agencia Estatal de Meteorolog\u00eda<\/a>. Im\u00e1genes de sat\u00e9lite.<\/p>\n<p>Documentales BBC. El clima. <a href=\"http:\/\/www.youtube.com\/watch?v=lNBO6UpkzbU\" target=\"_blank\">El calor.<\/a><\/p>\n<p><a href=\"https:\/\/docs.google.com\/presentation\/d\/1gJ1mATzHONGE58cMt0gkbnm0wUz7nPxmvMhm4j0ydbs\/edit?usp=sharing\" target=\"_blank\">Los climas de Espa\u00f1a y de la Comunidad Foral de Navarra.<\/a><\/p>\n","protected":false},"excerpt":{"rendered":"<p>Variables meteorol\u00f3gicas (agrega Andaluc\u00eda). Climas de Espa\u00f1a (Cudadernia).<\/p>\n","protected":false},"author":70,"featured_media":0,"comment_status":"open","ping_status":"open","sticky":false,"template":"","format":"standard","meta":[],"categories":[368],"tags":[26642,31027,831,13869,13870,13868,13889,13867,13866],"_links":{"self":[{"href":"https:\/\/multiblog.educacion.navarra.es\/agutierr\/wp-json\/wp\/v2\/posts\/379"}],"collection":[{"href":"https:\/\/multiblog.educacion.navarra.es\/agutierr\/wp-json\/wp\/v2\/posts"}],"about":[{"href":"https:\/\/multiblog.educacion.navarra.es\/agutierr\/wp-json\/wp\/v2\/types\/post"}],"author":[{"embeddable":true,"href":"https:\/\/multiblog.educacion.navarra.es\/agutierr\/wp-json\/wp\/v2\/users\/70"}],"replies":[{"embeddable":true,"href":"https:\/\/multiblog.educacion.navarra.es\/agutierr\/wp-json\/wp\/v2\/comments?post=379"}],"version-history":[{"count":0,"href":"https:\/\/multiblog.educacion.navarra.es\/agutierr\/wp-json\/wp\/v2\/posts\/379\/revisions"}],"wp:attachment":[{"href":"https:\/\/multiblog.educacion.navarra.es\/agutierr\/wp-json\/wp\/v2\/media?parent=379"}],"wp:term":[{"taxonomy":"category","embeddable":true,"href":"https:\/\/multiblog.educacion.navarra.es\/agutierr\/wp-json\/wp\/v2\/categories?post=379"},{"taxonomy":"post_tag","embeddable":true,"href":"https:\/\/multiblog.educacion.navarra.es\/agutierr\/wp-json\/wp\/v2\/tags?post=379"}],"curies":[{"name":"wp","href":"https:\/\/api.w.org\/{rel}","templated":true}]}}