


{"id":335,"date":"2011-03-03T21:12:10","date_gmt":"2011-03-03T19:12:10","guid":{"rendered":"http:\/\/multiblog.educacion.navarra.es\/agutierr\/?p=335"},"modified":"2011-03-27T20:20:03","modified_gmt":"2011-03-27T18:20:03","slug":"binomios-fantasticos","status":"publish","type":"post","link":"https:\/\/multiblog.educacion.navarra.es\/agutierr\/2011\/03\/03\/binomios-fantasticos\/","title":{"rendered":"Binomios fant\u00e1sticos."},"content":{"rendered":"<p>Estamos esperando el resto de binomios fant\u00e1sticos.<\/p>\n<p>Para empezar, tenemos <em>El \u00e1rbol presumido<\/em>, escrito por\u00a0 Elena. Incluye hasta moraleja. \u00bfQui\u00e9n averigua cu\u00e1les son las dos palabras elegidas por Elena?<\/p>\n<p><strong>El \u00e1rbol presumido<\/strong><\/p>\n<p>Hab\u00eda una vez, un \u00e1rbol que siempre le gustaba presumir de lo verde que era porque era m\u00e1s verde que los dem\u00e1s.<\/p>\n<p>Un d\u00eda, acert\u00f3 a pasar un drag\u00f3n por ah\u00ed. Al ver que el \u00e1rbol presum\u00eda demasiado de ser m\u00e1s verde que los dem\u00e1s, decidi\u00f3 hacer una cosa\u2026<\/p>\n<p>Volvi\u00f3 al d\u00eda siguiente con un cubo de agua, ech\u00f3 fuego por las hojas del \u00e1rbol y, luego, con el agua, lo apag\u00f3. Todos los \u00e1rboles, boquiabiertos, se fijaron que el \u00e1rbol ya no era tan verde y era todo negro. As\u00ed que empezaron a re\u00edrse, pero, el \u00e1rbol, como era muy presumido, empez\u00f3 a decir que era m\u00e1s negro que los dem\u00e1s.<\/p>\n<p>Y es que los presumidos siempre ser\u00e1n presumidos, aunque lo que tengan no sirva para nada.<\/p>\n<p style=\"text-align: right\">Elena Chivite<\/p>\n<p style=\"text-align: left\">Aprovechad el puente y mecanografiad vuestros binomios fant\u00e1sticos y as\u00ed poder\u00a0 mostrarlos en la <strong><a href=\"http:\/\/es.wikipedia.org\/wiki\/Blogosfera\" target=\"_blank\">blogosfera<\/a>.<\/strong><\/p>\n<p><!-- \t\t@page { margin: 2cm } \t\tP { margin-bottom: 0.21cm } --><\/p>\n<p style=\"text-align: left\"><strong><span style=\"color: #000000\"><span style=\"font-family: Arial\"><span style=\"font-size: small\">LA ALMOHADA Y LAS ESCALERAS.<\/span><\/span><\/span><\/strong><\/p>\n<p style=\"text-align: justify\"><span style=\"color: #000000\"><span style=\"font-family: Arial\"><span style=\"font-size: small\">Una noche de verano, Nahia e Irati, se despertaron para beber agua. Iban despacio, para no despertar a su pap\u00e1 y mam\u00e1. <\/span><\/span><\/span><\/p>\n<p style=\"text-align: justify\"><span style=\"color: #000000\"><span style=\"font-family: Arial\"><span style=\"font-size: small\">De repente, oyeron un ruido cuando bajaban las escaleras y vieron en el hueco de la escalera un perrito asustado. Se acercaron a \u00e9l y el perrito empez\u00f3 a jugar con ellas .Las ni\u00f1as se quedaron un ratito jugando con \u00e9l.<\/span><\/span><\/span><\/p>\n<p style=\"text-align: justify\"><span style=\"color: #000000\"><span style=\"font-family: Arial\"><span style=\"font-size: small\">Cuando se cansaron, Nahia subi\u00f3 las escaleras y cogi\u00f3 su almohada y se la puso al perrito para que estuviera m\u00e1s c\u00f3modo y no hiciera ruido. Las ni\u00f1as se fueron a la cama y se quedaron dormidas.<\/span><\/span><\/span><\/p>\n<p style=\"text-align: justify\"><span style=\"color: #000000\"><span style=\"font-family: Arial\"><span style=\"font-size: small\">M\u00e1s tarde, el perrito subi\u00f3 las escaleras y fue a parar donde estaban ellas con la almohada en la boca.<\/span><\/span><\/span><\/p>\n<p style=\"text-align: justify\"><span style=\"color: #000000\"><span style=\"font-family: Arial\"><span style=\"font-size: small\">A la ma\u00f1ana siguiente, sus padres fueron a despertarlas y vieron al perrito durmiendo con la almohada que le hab\u00edan dado.<\/span><\/span><\/span><\/p>\n<p><span style=\"color: #000000\"><span style=\"font-family: Arial\"><span style=\"font-size: small\">Las ni\u00f1as se encari\u00f1aron con el perrito, lo llamaron Javier y se lo quedaron para siempre.<\/span><\/span><\/span><\/p>\n<p style=\"text-align: right\">Lidia Rodr\u00edguez<\/p>\n<p style=\"text-align: right\">\u00a0<\/p>\n<p style=\"text-align: center\"><strong>El reloj y la clase<\/strong><\/p>\n<p><!-- \t\t@page { margin: 2cm } \t\tP { margin-bottom: 0.21cm } --><\/p>\n<p style=\"text-align: justify\">\u00c9rase una vez, un reloj que era grande y muy feo. No ten\u00eda a nadie que le quisiera hasta que, un d\u00eda, se dio cuenta el profesor Antonio de que el reloj estaba llorando y le pregunt\u00f3:<\/p>\n<p style=\"text-align: justify\">&#8211; \u00bfQu\u00e9 te pasa Relojito?<\/p>\n<p style=\"text-align: justify\">-Pues nada, que no tengo a nadie que me quiera y estoy muy triste-contest\u00f3 el reloj.<\/p>\n<p style=\"text-align: justify\">-Tranquilo Relojito, que para ma\u00f1ana no vas a estar triste-le respondi\u00f3 el maestro.<\/p>\n<p style=\"text-align: justify\">-\u00bfPor qu\u00e9 no voy a estar triste?- le preguntaba.<\/p>\n<p style=\"text-align: justify\">Y Antonio le dijo:<\/p>\n<p style=\"text-align: justify\">-\u00a1\u00a1\u00a1 Sorpresa!!!<\/p>\n<p style=\"text-align: justify\">Al d\u00eda siguiente, nuestro amigo relojito se levant\u00f3 y exclam\u00f3:<\/p>\n<p style=\"text-align: justify\">\u00a1Ay qu\u00e9 guapa!<\/p>\n<p style=\"text-align: justify\">Se levant\u00f3 y hab\u00eda una reloj chica. Estuvo esperando hasta las nueve de la ma\u00f1ana, la hora a la que llega el maestro a la escuela. Al verle, el relojito le dijo:<\/p>\n<p style=\"text-align: justify\">-Much\u00edsimas gracias. Ahora no estoy triste porque me parece muy buena persona y muy guapa.<\/p>\n<p style=\"text-align: justify\">Y al final se enamoraron y tuvieron a dos relojitos llamados Enrique y Daniel.<\/p>\n<p style=\"text-align: right\">Daniel Monsegur<\/p>\n<p style=\"text-align: right\">\u00a0<\/p>\n<p style=\"text-align: center\"><strong>El ni\u00f1o m\u00e1s listo que el profesor<\/strong><\/p>\n<p style=\"text-align: left\">\u00a0\u00c9rase una\u00a0 vez, un profesor llamado Antonio y un ni\u00f1o llamado Daniel.<\/p>\n<p>Daniel le ech\u00f3 una partida de ajedrez a Antonio. Antonio gan\u00f3 por suerte.<\/p>\n<p>Daniel exig\u00eda la revancha y Antonio le dio la revancha. Esta vez gan\u00f3 Daniel y, result\u00f3 que Daniel jugaba mejor que Antonio.<\/p>\n<p>Y color\u00edn colorado, este cuento se ha acabado.<\/p>\n<p style=\"text-align: center\">FIN<\/p>\n<p style=\"text-align: right\">\u00a0\u00a0\u00a0\u00a0\u00a0\u00a0\u00a0\u00a0\u00a0\u00a0\u00a0\u00a0\u00a0\u00a0\u00a0\u00a0\u00a0\u00a0\u00a0\u00a0Enrique Enciso, el Breve.<\/p>\n","protected":false},"excerpt":{"rendered":"<p>Estamos esperando el resto de binomios fant\u00e1sticos. Para empezar, tenemos El \u00e1rbol presumido, escrito por\u00a0 Elena. Incluye hasta moraleja. \u00bfQui\u00e9n averigua cu\u00e1les son las dos palabras elegidas por Elena? El \u00e1rbol presumido Hab\u00eda una vez, un \u00e1rbol que siempre le &hellip; <a href=\"https:\/\/multiblog.educacion.navarra.es\/agutierr\/2011\/03\/03\/binomios-fantasticos\/\">Sigue leyendo <span class=\"meta-nav\">&rarr;<\/span><\/a><\/p>\n","protected":false},"author":70,"featured_media":0,"comment_status":"open","ping_status":"open","sticky":false,"template":"","format":"standard","meta":[],"categories":[205],"tags":[13836,538,225,13834],"_links":{"self":[{"href":"https:\/\/multiblog.educacion.navarra.es\/agutierr\/wp-json\/wp\/v2\/posts\/335"}],"collection":[{"href":"https:\/\/multiblog.educacion.navarra.es\/agutierr\/wp-json\/wp\/v2\/posts"}],"about":[{"href":"https:\/\/multiblog.educacion.navarra.es\/agutierr\/wp-json\/wp\/v2\/types\/post"}],"author":[{"embeddable":true,"href":"https:\/\/multiblog.educacion.navarra.es\/agutierr\/wp-json\/wp\/v2\/users\/70"}],"replies":[{"embeddable":true,"href":"https:\/\/multiblog.educacion.navarra.es\/agutierr\/wp-json\/wp\/v2\/comments?post=335"}],"version-history":[{"count":0,"href":"https:\/\/multiblog.educacion.navarra.es\/agutierr\/wp-json\/wp\/v2\/posts\/335\/revisions"}],"wp:attachment":[{"href":"https:\/\/multiblog.educacion.navarra.es\/agutierr\/wp-json\/wp\/v2\/media?parent=335"}],"wp:term":[{"taxonomy":"category","embeddable":true,"href":"https:\/\/multiblog.educacion.navarra.es\/agutierr\/wp-json\/wp\/v2\/categories?post=335"},{"taxonomy":"post_tag","embeddable":true,"href":"https:\/\/multiblog.educacion.navarra.es\/agutierr\/wp-json\/wp\/v2\/tags?post=335"}],"curies":[{"name":"wp","href":"https:\/\/api.w.org\/{rel}","templated":true}]}}