


{"id":313,"date":"2015-02-09T14:00:30","date_gmt":"2015-02-09T13:00:30","guid":{"rendered":"http:\/\/multiblog.educacion.navarra.es\/agutierr\/?p=313"},"modified":"2015-03-02T21:36:41","modified_gmt":"2015-03-02T20:36:41","slug":"%c2%a1vamos-con-los-mapas","status":"publish","type":"post","link":"https:\/\/multiblog.educacion.navarra.es\/agutierr\/2015\/02\/09\/%c2%a1vamos-con-los-mapas\/","title":{"rendered":"Relieve de Espa\u00f1a y Navarra."},"content":{"rendered":"<p><a href=\"https:\/\/docs.google.com\/presentation\/d\/1P9nBbPXunU8u_DXA7JglZ0Z5JAg_UogURXOO9C5y858\/edit?usp=sharing\" target=\"_blank\">Relieve de Espa\u00f1a y Navarra<\/a>. Presentaci\u00f3n en Google Drive de Javier, Alba, Ayoub y Mario.<\/p>\n<p><a href=\"https:\/\/repositorio.educa.jccm.es\/portal\/odes\/conocimiento_del_medio\/relieve_interior_y_costero_de_espana\/contenido\/\" target=\"_blank\">Relieve interior y costero de Espa\u00f1a <\/a>(agrega).<\/p>\n<p><a href=\"http:\/\/213.0.8.18\/portal\/Educantabria\/ContenidosEducativosDigitales\/Primaria\/Cono_3_ciclo\/CONTENIDOS\/GEOGRAFIA\/DEFINITIVO%20RELIEVE\/Publicar\/INDEX.htm\" target=\"_blank\">El relieve de Espa\u00f1a <\/a>(educantabria).<\/p>\n<p><a href=\"http:\/\/serbal.pntic.mec.es\/ealg0027\/esporog1e.html\" target=\"_blank\">Relieve de Espa\u00f1a 1<\/a> (Enrique Alonso).<\/p>\n<p><a href=\"http:\/\/serbal.pntic.mec.es\/ealg0027\/esporog2e.html\" target=\"_blank\">Relieve de Espa\u00f1a 2<\/a> (Enrique Alonso).<\/p>\n<p><a href=\"http:\/\/serbal.pntic.mec.es\/ealg0027\/espacostas1e.html\" target=\"_blank\">Costas de Espa\u00f1a 1<\/a> (Enrique Alonso).<\/p>\n<p><a href=\"http:\/\/serbal.pntic.mec.es\/ealg0027\/espacostas2e.html\" target=\"_blank\">Las costas de Espa\u00f1a 2<\/a> (Enrique Alonso).<\/p>\n<p><a href=\"http:\/\/multiblog.educacion.navarra.es\/agutierr\/files\/2012\/03\/costasespana.jpg\" target=\"_blank\">Costas de Espa\u00f1a <\/a>(CMap).<\/p>\n<p><!--more--><\/p>\n<iframe src=\"https:\/\/www.slideshare.net\/slideshow\/embed_code\/185338\" width=\"480\" height=\"398\" frameborder=\"0\" marginwidth=\"0\" marginheight=\"0\" scrolling=\"no\"><\/iframe><br\/>\n<iframe src=\"https:\/\/www.slideshare.net\/slideshow\/embed_code\/225929\" width=\"480\" height=\"398\" frameborder=\"0\" marginwidth=\"0\" marginheight=\"0\" scrolling=\"no\"><\/iframe><br\/>\n<address>\u00a0<\/address>\n<p><a href=\"http:\/\/ntic.educacion.es\/w3\/\/eos\/MaterialesEducativos\/mem2002\/mapa\/\" target=\"_blank\">Mapa interactivo (MEC).<\/a><\/p>\n<p><a href=\"http:\/\/www.educa.jcyl.es\/zonaalumnos\/es\/areas-troncales\/conoc-medio\/geografia-espana\" target=\"_blank\">Geograf\u00eda de Espa\u00f1a <\/a>(jcyl.es).<\/p>\n<p>Presentaci\u00f3n:<a href=\"http:\/\/www.slideserve.com\/presentation\/29728\/La Ribera\" target=\"_blank\"> La Ribera <\/a>(Josepe Blogotero).<\/p>\n<p>Presentaci\u00f3n: Relieve Zona Media (Blogotero).<\/p>\n<iframe src=\"https:\/\/www.slideshare.net\/slideshow\/embed_code\/1424791\" width=\"480\" height=\"398\" frameborder=\"0\" marginwidth=\"0\" marginheight=\"0\" scrolling=\"no\"><\/iframe><br\/>\n<p>Presentaci\u00f3n: <a href=\"http:\/\/www.slideserve.com\/presentation\/25431\/Relieve de Monta\u00c3\u00b1a Navarra\" target=\"_blank\">LA MONTA\u00d1A DE NAVARRA <\/a>(Josepe Blogotero).<\/p>\n<p><a href=\"http:\/\/multiblog.educacion.navarra.es\/agutierr\/files\/2012\/02\/relievenavarra.jpg\" target=\"_blank\">Relieve de Navarra <\/a>(CMap)<\/p>\n<p><a href=\"http:\/\/multiblog.educacion.navarra.es\/agutierr\/files\/2012\/02\/relievenavarra.jpg\"><img loading=\"lazy\" class=\"aligncenter size-medium wp-image-682\" src=\"http:\/\/multiblog.educacion.navarra.es\/agutierr\/files\/2012\/02\/relievenavarra-300x245.jpg\" alt=\"\" width=\"300\" height=\"245\" srcset=\"https:\/\/multiblog.educacion.navarra.es\/agutierr\/files\/2012\/02\/relievenavarra-300x245.jpg 300w, https:\/\/multiblog.educacion.navarra.es\/agutierr\/files\/2012\/02\/relievenavarra-1024x836.jpg 1024w\" sizes=\"(max-width: 300px) 100vw, 300px\" \/><\/a><\/p>\n<p>Navarra desde el aire. Turismo.<\/p>\n<iframe width=\"500\" height=\"375\" src=\"https:\/\/www.youtube.com\/embed\/bSikgr5UawM?feature=oembed\" frameborder=\"0\" allowfullscreen><\/iframe>\n<p>Recursos h\u00eddricos de Navarra (slideshare.net).<\/p>\n<iframe src=\"https:\/\/www.slideshare.net\/slideshow\/embed_code\/2693491\" width=\"480\" height=\"398\" frameborder=\"0\" marginwidth=\"0\" marginheight=\"0\" scrolling=\"no\"><\/iframe><br\/>\n<p><a href=\"http:\/\/www.juntadeandalucia.es\/averroes\/ceip_san_rafael\/RELIEVE\/EL%20RELIEVE.html\" target=\"_blank\">Relieve de Espa\u00f1a <\/a>(CEIP San Rafael).<\/p>\n<p><a href=\"http:\/\/www.juntadeandalucia.es\/averroes\/~23003429\/educativa\/relieveespana.html\" target=\"_blank\">Relieve de Espa\u00f1a <\/a>(Jos\u00e9 A. del Olmo Vi\u00e1n).<\/p>\n<p>Para repasar&#8230;<\/p>\n<p><a href=\"http:\/\/serbal.pntic.mec.es\/ealg0027\/espauto3e.html\" target=\"_blank\">Comunidades Aut\u00f3nomas de Espa\u00f1a (Puzle).<\/a><\/p>\n<p>Planisferio. <a href=\"http:\/\/serbal.pntic.mec.es\/ealg0027\/mmundi1e.html\" target=\"_blank\">Continentes y oc\u00e9anos 1 <\/a>(Enrique Alonso).<\/p>\n<p>Planisferio. <a href=\"http:\/\/serbal.pntic.mec.es\/ealg0027\/mmundi2e.html\" target=\"_blank\">Continentes y oc\u00e9anos 2<\/a>(Enrique Alonso).<\/p>\n<p><a href=\"http:\/\/www.youtube.com\/watch?v=rGStyUlu5uM\" target=\"_blank\">Globo terr\u00e1queo y planisferio <\/a>(youtube).<\/p>\n<p><a href=\"http:\/\/www.youtube.com\/watch?v=3mCjkAeaSV0\" target=\"_blank\">Paralelos y meridianos <\/a>(youtube).<\/p>\n<p><a href=\"http:\/\/www.youtube.com\/watch?v=9LFSwSCh_PA\" target=\"_blank\">Husos horarios <\/a>(youtube).<\/p>\n<p style=\"text-align: center;\">Meridiano 0\u00ba<\/p>\n<p style=\"text-align: center;\"><img loading=\"lazy\" src=\"http:\/\/1.bp.blogspot.com\/_CO2EpY5gwQk\/SLKGI1GtNqI\/AAAAAAAAB9o\/CU4Z2OOgPYE\/s400\/P8242645fotito.JPG\" alt=\"\" width=\"300\" height=\"400\" \/><\/p>\n<p style=\"text-align: center;\">Meridiano de Greenwich<\/p>\n<p><a href=\"http:\/\/www.turismito.com\/continentes\/visitando-el-meridiano-de-greenwich\">http:\/\/www.turismito.com\/continentes\/visitando-el-meridiano-de-greenwich<\/a><\/p>\n<p><a href=\"http:\/\/www.netambulo.com\/wp-content\/uploads\/2011\/03\/mapa-mundo-coeficiente-inteligencia.jpg\" target=\"_blank\">Planisferio Cociente Inteligencia CI.<\/a><\/p>\n","protected":false},"excerpt":{"rendered":"<p>Relieve de Espa\u00f1a y Navarra. Presentaci\u00f3n en Google Drive de Javier, Alba, Ayoub y Mario. Relieve interior y costero de Espa\u00f1a (agrega). El relieve de Espa\u00f1a (educantabria). Relieve de Espa\u00f1a 1 (Enrique Alonso). Relieve de Espa\u00f1a 2 (Enrique Alonso). Costas &hellip; <a href=\"https:\/\/multiblog.educacion.navarra.es\/agutierr\/2015\/02\/09\/%c2%a1vamos-con-los-mapas\/\">Sigue leyendo <span class=\"meta-nav\">&rarr;<\/span><\/a><\/p>\n","protected":false},"author":70,"featured_media":0,"comment_status":"open","ping_status":"open","sticky":false,"template":"","format":"standard","meta":[],"categories":[368],"tags":[13827,13871,13805,217,13807,13826,30976,24474,103],"_links":{"self":[{"href":"https:\/\/multiblog.educacion.navarra.es\/agutierr\/wp-json\/wp\/v2\/posts\/313"}],"collection":[{"href":"https:\/\/multiblog.educacion.navarra.es\/agutierr\/wp-json\/wp\/v2\/posts"}],"about":[{"href":"https:\/\/multiblog.educacion.navarra.es\/agutierr\/wp-json\/wp\/v2\/types\/post"}],"author":[{"embeddable":true,"href":"https:\/\/multiblog.educacion.navarra.es\/agutierr\/wp-json\/wp\/v2\/users\/70"}],"replies":[{"embeddable":true,"href":"https:\/\/multiblog.educacion.navarra.es\/agutierr\/wp-json\/wp\/v2\/comments?post=313"}],"version-history":[{"count":0,"href":"https:\/\/multiblog.educacion.navarra.es\/agutierr\/wp-json\/wp\/v2\/posts\/313\/revisions"}],"wp:attachment":[{"href":"https:\/\/multiblog.educacion.navarra.es\/agutierr\/wp-json\/wp\/v2\/media?parent=313"}],"wp:term":[{"taxonomy":"category","embeddable":true,"href":"https:\/\/multiblog.educacion.navarra.es\/agutierr\/wp-json\/wp\/v2\/categories?post=313"},{"taxonomy":"post_tag","embeddable":true,"href":"https:\/\/multiblog.educacion.navarra.es\/agutierr\/wp-json\/wp\/v2\/tags?post=313"}],"curies":[{"name":"wp","href":"https:\/\/api.w.org\/{rel}","templated":true}]}}