


{"id":1272,"date":"2013-06-26T21:46:00","date_gmt":"2013-06-26T20:46:00","guid":{"rendered":"http:\/\/multiblog.educacion.navarra.es\/agutierr\/?p=1272"},"modified":"2014-03-03T14:34:43","modified_gmt":"2014-03-03T13:34:43","slug":"los-rios","status":"publish","type":"post","link":"https:\/\/multiblog.educacion.navarra.es\/agutierr\/2013\/06\/26\/los-rios\/","title":{"rendered":"Los r\u00edos."},"content":{"rendered":"<p>Para que Iv\u00e1n ponga a prueba sus conocimientos sobre los r\u00edos.<\/p>\n<p><a href=\"http:\/\/www.xtec.net\/~ealonso\/flash\/esparios1eb.html\" target=\"_blank\">R\u00edos de Espa\u00f1a 1 (f\u00e1cil).<\/a><\/p>\n<p><a href=\"http:\/\/www.xtec.net\/~ealonso\/flash\/esparios1e.html\" target=\"_blank\">R\u00edos de Espa\u00f1a 1 (avanzado).<\/a><\/p>\n<p><a href=\"http:\/\/www.xtec.net\/~ealonso\/flash\/esparios2eb.html\" target=\"_blank\">R\u00edos de Espa\u00f1a 2 (f\u00e1cil).<\/a><\/p>\n<p><a href=\"http:\/\/www.xtec.net\/~ealonso\/flash\/esparios2e.html\" target=\"_blank\">R\u00edos de Espa\u00f1a 2 (avanzado).<\/a><\/p>\n<p><a href=\"http:\/\/contenidos.proyectoagrega.es\/visualizador-1\/Visualizar\/Visualizar.do?idioma=es&amp;identificador=es_2009091613_5907544&amp;secuencia=false#\" target=\"_blank\">Estudio de la hidrograf\u00eda de Espa\u00f1a y Europa<\/a> (Proyecto Agrega).<\/p>\n<p>Para otros mapas flash interactivos, haz clic en la imagen de abajo.<\/p>\n<p><a href=\"http:\/\/serbal.pntic.mec.es\/ealg0027\/mapasflash.htm\" target=\"_blank\"><img loading=\"lazy\" class=\"aligncenter size-medium wp-image-1273\" alt=\"mapasenrique\" src=\"http:\/\/multiblog.educacion.navarra.es\/agutierr\/files\/2013\/06\/mapasenrique-300x206.jpg\" width=\"300\" height=\"206\" srcset=\"https:\/\/multiblog.educacion.navarra.es\/agutierr\/files\/2013\/06\/mapasenrique-300x206.jpg 300w, https:\/\/multiblog.educacion.navarra.es\/agutierr\/files\/2013\/06\/mapasenrique-800x549.jpg 800w, https:\/\/multiblog.educacion.navarra.es\/agutierr\/files\/2013\/06\/mapasenrique.jpg 948w\" sizes=\"(max-width: 300px) 100vw, 300px\" \/><\/a><\/p>\n<p>&nbsp;<\/p>\n<p><a href=\"http:\/\/multiblog.educacion.navarra.es\/agutierr\/?p=700\" target=\"_blank\">Las aguas de Espa\u00f1a y Navarra.<\/a><\/p>\n","protected":false},"excerpt":{"rendered":"<p>Para que Iv\u00e1n ponga a prueba sus conocimientos sobre los r\u00edos. R\u00edos de Espa\u00f1a 1 (f\u00e1cil). R\u00edos de Espa\u00f1a 1 (avanzado). R\u00edos de Espa\u00f1a 2 (f\u00e1cil). R\u00edos de Espa\u00f1a 2 (avanzado). Estudio de la hidrograf\u00eda de Espa\u00f1a y Europa (Proyecto &hellip; <a href=\"https:\/\/multiblog.educacion.navarra.es\/agutierr\/2013\/06\/26\/los-rios\/\">Sigue leyendo <span class=\"meta-nav\">&rarr;<\/span><\/a><\/p>\n","protected":false},"author":70,"featured_media":0,"comment_status":"open","ping_status":"open","sticky":false,"template":"","format":"standard","meta":[],"categories":[368],"tags":[38590,36939,26681,24474],"_links":{"self":[{"href":"https:\/\/multiblog.educacion.navarra.es\/agutierr\/wp-json\/wp\/v2\/posts\/1272"}],"collection":[{"href":"https:\/\/multiblog.educacion.navarra.es\/agutierr\/wp-json\/wp\/v2\/posts"}],"about":[{"href":"https:\/\/multiblog.educacion.navarra.es\/agutierr\/wp-json\/wp\/v2\/types\/post"}],"author":[{"embeddable":true,"href":"https:\/\/multiblog.educacion.navarra.es\/agutierr\/wp-json\/wp\/v2\/users\/70"}],"replies":[{"embeddable":true,"href":"https:\/\/multiblog.educacion.navarra.es\/agutierr\/wp-json\/wp\/v2\/comments?post=1272"}],"version-history":[{"count":0,"href":"https:\/\/multiblog.educacion.navarra.es\/agutierr\/wp-json\/wp\/v2\/posts\/1272\/revisions"}],"wp:attachment":[{"href":"https:\/\/multiblog.educacion.navarra.es\/agutierr\/wp-json\/wp\/v2\/media?parent=1272"}],"wp:term":[{"taxonomy":"category","embeddable":true,"href":"https:\/\/multiblog.educacion.navarra.es\/agutierr\/wp-json\/wp\/v2\/categories?post=1272"},{"taxonomy":"post_tag","embeddable":true,"href":"https:\/\/multiblog.educacion.navarra.es\/agutierr\/wp-json\/wp\/v2\/tags?post=1272"}],"curies":[{"name":"wp","href":"https:\/\/api.w.org\/{rel}","templated":true}]}}