


{"id":1123,"date":"2015-04-25T14:00:02","date_gmt":"2015-04-25T13:00:02","guid":{"rendered":"http:\/\/multiblog.educacion.navarra.es\/agutierr\/?p=1123"},"modified":"2015-04-25T19:34:54","modified_gmt":"2015-04-25T18:34:54","slug":"la-poblacion-y-las-tradiciones","status":"publish","type":"post","link":"https:\/\/multiblog.educacion.navarra.es\/agutierr\/2015\/04\/25\/la-poblacion-y-las-tradiciones\/","title":{"rendered":"La poblaci\u00f3n y las tradiciones."},"content":{"rendered":"<p><a href=\"http:\/\/es.wikipedia.org\/wiki\/Navarra\" target=\"_blank\">Navarra-Nafarroa<\/a> (wikipedia).<\/p>\n<p><span style=\"text-decoration: underline; color: #ff00ff;\">Poblaci\u00f3n.<\/span><\/p>\n<p><a href=\"http:\/\/www.juntadeandalucia.es\/averroes\/carambolo\/WEB%20JCLIC2\/Agrega\/Medio\/La%20poblacion\/contenido\/index.html\" target=\"_blank\">La poblaci\u00f3n<\/a> (Agrega).<\/p>\n<p><a href=\"http:\/\/multiblog.educacion.navarra.es\/agutierr\/files\/2013\/03\/poblacionnavarra.png\"><img loading=\"lazy\" class=\"aligncenter size-medium wp-image-1124\" src=\"http:\/\/multiblog.educacion.navarra.es\/agutierr\/files\/2013\/03\/poblacionnavarra-300x173.png\" alt=\"poblacionnavarra\" width=\"300\" height=\"173\" srcset=\"https:\/\/multiblog.educacion.navarra.es\/agutierr\/files\/2013\/03\/poblacionnavarra-300x173.png 300w, https:\/\/multiblog.educacion.navarra.es\/agutierr\/files\/2013\/03\/poblacionnavarra.png 520w\" sizes=\"(max-width: 300px) 100vw, 300px\" \/><\/a><\/p>\n<p><a href=\"http:\/\/www.diariodenavarra.es\/noticias\/navarra\/mas_navarra\/2013\/12\/30\/la_poblacion_navarra_desciende_hasta_los_644_477_habitantes_142042_2061.html\" target=\"_blank\">La poblaci\u00f3n navarra desciende hasta los 644.477 habitantes<\/a>\u00a0(diariodenavarra.es).<\/p>\n<p>La poblaci\u00f3n. Mapa conceptual de \u00cd\u00f1igo y Ankara.<\/p>\n<p><a href=\"http:\/\/multiblog.educacion.navarra.es\/agutierr\/files\/2014\/03\/unidad11cono4poblacionbis.jpg\"><img loading=\"lazy\" class=\"aligncenter size-medium wp-image-1548\" src=\"http:\/\/multiblog.educacion.navarra.es\/agutierr\/files\/2014\/03\/unidad11cono4poblacionbis-300x144.jpg\" alt=\"unidad11cono4poblacionbis\" width=\"300\" height=\"144\" srcset=\"https:\/\/multiblog.educacion.navarra.es\/agutierr\/files\/2014\/03\/unidad11cono4poblacionbis-300x144.jpg 300w, https:\/\/multiblog.educacion.navarra.es\/agutierr\/files\/2014\/03\/unidad11cono4poblacionbis-1024x494.jpg 1024w, https:\/\/multiblog.educacion.navarra.es\/agutierr\/files\/2014\/03\/unidad11cono4poblacionbis-800x386.jpg 800w\" sizes=\"(max-width: 300px) 100vw, 300px\" \/><\/a><\/p>\n<p><span style=\"text-decoration: underline; color: #ff00ff;\">Tradiciones.<\/span><\/p>\n<p>Tradiciones y fiestas. Mapa conceptual de Alba y Ana.<\/p>\n<p><a href=\"http:\/\/multiblog.educacion.navarra.es\/agutierr\/files\/2014\/03\/unidad11cono4tradicionesalbaana.jpg\"><img loading=\"lazy\" class=\"aligncenter size-medium wp-image-1550\" src=\"http:\/\/multiblog.educacion.navarra.es\/agutierr\/files\/2014\/03\/unidad11cono4tradicionesalbaana-300x180.jpg\" alt=\"unidad11cono4tradicionesalbaana\" width=\"300\" height=\"180\" srcset=\"https:\/\/multiblog.educacion.navarra.es\/agutierr\/files\/2014\/03\/unidad11cono4tradicionesalbaana-300x180.jpg 300w, https:\/\/multiblog.educacion.navarra.es\/agutierr\/files\/2014\/03\/unidad11cono4tradicionesalbaana-1024x614.jpg 1024w, https:\/\/multiblog.educacion.navarra.es\/agutierr\/files\/2014\/03\/unidad11cono4tradicionesalbaana-800x480.jpg 800w\" sizes=\"(max-width: 300px) 100vw, 300px\" \/><\/a><\/p>\n<p><a href=\"http:\/\/www.youtube.com\/watch?v=PY7dwsM3czc\" target=\"_blank\">Gigantes y cabezudos de Pamplona.<\/a><\/p>\n<p><a href=\"http:\/\/www.navarra.es\/home_es\/Navarra\/Asi+es+Navarra\/Historia+y+cultura\/Costumbres+y+tradiciones.htm\" target=\"_blank\">Historia y cultura. Costumbres y tradiciones.<\/a><\/p>\n<p><a href=\"http:\/\/www.turismo.navarra.es\/esp\/porque-navarra\/razones\/tierra+tradiciones.htm\" target=\"_blank\">Navarra. Tierra de tradiciones.<\/a><\/p>\n<p>Baile de la era.<\/p>\n<p><!--more--><\/p>\n<iframe width=\"500\" height=\"375\" src=\"https:\/\/www.youtube.com\/embed\/3oOeNKfcmbc?feature=oembed\" frameborder=\"0\" allowfullscreen><\/iframe>\n<p><a href=\"http:\/\/www.youtube.com\/watch?v=eM3RY9XTX7A\" target=\"_blank\">San Ferm\u00edn en Lesaka.<\/a><\/p>\n<p><a href=\"http:\/\/multiblog.educacion.navarra.es\/agutierr\/files\/2013\/02\/ZaldikoLantz.jpg\"><img loading=\"lazy\" class=\"aligncenter size-medium wp-image-1118\" src=\"http:\/\/multiblog.educacion.navarra.es\/agutierr\/files\/2013\/02\/ZaldikoLantz-225x300.jpg\" alt=\"ZaldikoLantz\" width=\"225\" height=\"300\" srcset=\"https:\/\/multiblog.educacion.navarra.es\/agutierr\/files\/2013\/02\/ZaldikoLantz-225x300.jpg 225w, https:\/\/multiblog.educacion.navarra.es\/agutierr\/files\/2013\/02\/ZaldikoLantz.jpg 450w\" sizes=\"(max-width: 225px) 100vw, 225px\" \/><\/a><\/p>\n<p>Recuperaci\u00f3n del juego tradicional. El marro.<\/p>\n<iframe src=\"https:\/\/player.vimeo.com\/video\/50493941\" width=\"500\" height=\"375\" frameborder=\"0\" title=\"El marro.\" webkitallowfullscreen mozallowfullscreen allowfullscreen><\/iframe>\n<p>Navarre, the land of light. Time-lapse.<\/p>\n<iframe src=\"https:\/\/player.vimeo.com\/video\/125337790\" width=\"500\" height=\"281\" frameborder=\"0\" title=\"NAVARRE, THE LAND OF LIGHT - TIMELAPSE (2015)\" webkitallowfullscreen mozallowfullscreen allowfullscreen><\/iframe>\n<p><a href=\"http:\/\/multiblog.educacion.navarra.es\/agutierr\/2015\/04\/24\/poblacion-y-economia-de-europa-espana-y-navarra\/\" target=\"_blank\">Poblaci\u00f3n y econom\u00eda de Europa, Espa\u00f1a y Navarra.<\/a><\/p>\n<p>Poblaci\u00f3n y tradiciones de Navarra. Esquema-resumen manuscrito.<\/p>\n<p><a href=\"http:\/\/multiblog.educacion.navarra.es\/agutierr\/files\/2014\/03\/unidad11cono4poblacionytradiciones.jpg\"><img loading=\"lazy\" class=\"aligncenter size-medium wp-image-1535\" src=\"http:\/\/multiblog.educacion.navarra.es\/agutierr\/files\/2014\/03\/unidad11cono4poblacionytradiciones-300x218.jpg\" alt=\"unidad11cono4poblacionytradiciones\" width=\"300\" height=\"218\" srcset=\"https:\/\/multiblog.educacion.navarra.es\/agutierr\/files\/2014\/03\/unidad11cono4poblacionytradiciones-300x218.jpg 300w, https:\/\/multiblog.educacion.navarra.es\/agutierr\/files\/2014\/03\/unidad11cono4poblacionytradiciones-1024x744.jpg 1024w, https:\/\/multiblog.educacion.navarra.es\/agutierr\/files\/2014\/03\/unidad11cono4poblacionytradiciones-800x581.jpg 800w, https:\/\/multiblog.educacion.navarra.es\/agutierr\/files\/2014\/03\/unidad11cono4poblacionytradiciones.jpg 1754w\" sizes=\"(max-width: 300px) 100vw, 300px\" \/><\/a><\/p>\n","protected":false},"excerpt":{"rendered":"<p>Navarra-Nafarroa (wikipedia). Poblaci\u00f3n. La poblaci\u00f3n (Agrega). La poblaci\u00f3n navarra desciende hasta los 644.477 habitantes\u00a0(diariodenavarra.es). La poblaci\u00f3n. Mapa conceptual de \u00cd\u00f1igo y Ankara. Tradiciones. Tradiciones y fiestas. Mapa conceptual de Alba y Ana. Gigantes y cabezudos de Pamplona. Historia y cultura. &hellip; <a href=\"https:\/\/multiblog.educacion.navarra.es\/agutierr\/2015\/04\/25\/la-poblacion-y-las-tradiciones\/\">Sigue leyendo <span class=\"meta-nav\">&rarr;<\/span><\/a><\/p>\n","protected":false},"author":70,"featured_media":0,"comment_status":"open","ping_status":"open","sticky":false,"template":"","format":"standard","meta":[],"categories":[368,13782,25],"tags":[15823,4548,30979,4544,38666,13841,30978,26624],"_links":{"self":[{"href":"https:\/\/multiblog.educacion.navarra.es\/agutierr\/wp-json\/wp\/v2\/posts\/1123"}],"collection":[{"href":"https:\/\/multiblog.educacion.navarra.es\/agutierr\/wp-json\/wp\/v2\/posts"}],"about":[{"href":"https:\/\/multiblog.educacion.navarra.es\/agutierr\/wp-json\/wp\/v2\/types\/post"}],"author":[{"embeddable":true,"href":"https:\/\/multiblog.educacion.navarra.es\/agutierr\/wp-json\/wp\/v2\/users\/70"}],"replies":[{"embeddable":true,"href":"https:\/\/multiblog.educacion.navarra.es\/agutierr\/wp-json\/wp\/v2\/comments?post=1123"}],"version-history":[{"count":0,"href":"https:\/\/multiblog.educacion.navarra.es\/agutierr\/wp-json\/wp\/v2\/posts\/1123\/revisions"}],"wp:attachment":[{"href":"https:\/\/multiblog.educacion.navarra.es\/agutierr\/wp-json\/wp\/v2\/media?parent=1123"}],"wp:term":[{"taxonomy":"category","embeddable":true,"href":"https:\/\/multiblog.educacion.navarra.es\/agutierr\/wp-json\/wp\/v2\/categories?post=1123"},{"taxonomy":"post_tag","embeddable":true,"href":"https:\/\/multiblog.educacion.navarra.es\/agutierr\/wp-json\/wp\/v2\/tags?post=1123"}],"curies":[{"name":"wp","href":"https:\/\/api.w.org\/{rel}","templated":true}]}}